{"id":13804,"date":"2024-03-25T09:04:17","date_gmt":"2024-03-25T12:04:17","guid":{"rendered":"https:\/\/www.vagasdecuritiba.com.br\/?p=13804"},"modified":"2024-03-25T09:04:17","modified_gmt":"2024-03-25T12:04:17","slug":"vendedor-30","status":"publish","type":"post","link":"https:\/\/www.vagasdecuritiba.com.br\/2024\/vendedor-30\/","title":{"rendered":"VENDEDOR"},"content":{"rendered":"<p>Vendedor para Loja de Ferramentas<\/p>\n<p>Sal\u00e1rio: R$1.500,00 &#8211; R$3.000,00 por m\u00eas<\/p>\n<p><span style=\"font-size: 1.6rem;\">Benef\u00edcios:<\/span><\/p>\n<p><span style=\"font-size: 1.6rem;\">Vale-refei\u00e7\u00e3o<\/span><\/p>\n<p><span style=\"font-size: 1.6rem;\">Vale-transporte<\/span><\/p>\n<p>Forte Ferramentas \u2013 Curitiba<\/p>\n<p>Descri\u00e7\u00e3o da Vaga:<\/p>\n<p>Realizar atendimento a clientes;<\/p>\n<p>Negocia\u00e7ao de pre\u00e7o, prazo, condi\u00e7\u00f5es de pagamento e descontos da venda;<\/p>\n<p>Orienta quanto \u00e0s especifica\u00e7\u00f5es dos produtos .<\/p>\n<p>Controla os pedidos dos clientes, qualidade dos produtos e prazo de entrega estabelecido.<\/p>\n<p>Ser \u00e1gil e atento(a), de modo a compreender qual a necessidade do cliente e entender quais produtos \u00e9 interessante oferecer;<\/p>\n<p>Ser organizado(a) e aplicar a habilidade em diferentes ocasi\u00f5es, desde o estoque at\u00e9 quest\u00f5es financeiras da loja.<\/p>\n<p>&nbsp;<\/p>\n<p>Interessados entregar seu curriculo na loja ou enviar pelo WhatsApp 41997635684<\/p>\n","protected":false},"excerpt":{"rendered":"<p>Vendedor para Loja de Ferramentas Sal\u00e1rio: R$1.500,00 &#8211; R$3.000,00 por m\u00eas Benef\u00edcios: Vale-refei\u00e7\u00e3o Vale-transporte Forte Ferramentas \u2013 Curitiba Descri\u00e7\u00e3o da Vaga: Realizar atendimento a clientes; Negocia\u00e7ao de pre\u00e7o, prazo, condi\u00e7\u00f5es de pagamento e descontos da venda; Orienta quanto \u00e0s especifica\u00e7\u00f5es dos produtos . Controla os pedidos dos clientes, qualidade dos produtos e prazo de entrega&#8230;<\/p>\n","protected":false},"author":1,"featured_media":0,"comment_status":"closed","ping_status":"open","sticky":false,"template":"","format":"standard","meta":{"footnotes":""},"categories":[2],"tags":[],"yoast_head":"<!-- This site is optimized with the Yoast SEO plugin v23.4 - https:\/\/yoast.com\/wordpress\/plugins\/seo\/ -->\n<title>VENDEDOR - Vagas de Curitiba<\/title>\n<meta name=\"robots\" content=\"index, follow, max-snippet:-1, max-image-preview:large, max-video-preview:-1\" \/>\n<link rel=\"canonical\" href=\"https:\/\/www.vagasdecuritiba.com.br\/2024\/vendedor-30\/\" \/>\n<meta property=\"og:locale\" content=\"pt_BR\" \/>\n<meta property=\"og:type\" content=\"article\" \/>\n<meta property=\"og:title\" content=\"VENDEDOR - Vagas de Curitiba\" \/>\n<meta property=\"og:description\" content=\"Vendedor para Loja de Ferramentas Sal\u00e1rio: R$1.500,00 &#8211; R$3.000,00 por m\u00eas Benef\u00edcios: Vale-refei\u00e7\u00e3o Vale-transporte Forte Ferramentas \u2013 Curitiba Descri\u00e7\u00e3o da Vaga: Realizar atendimento a clientes; Negocia\u00e7ao de pre\u00e7o, prazo, condi\u00e7\u00f5es de pagamento e descontos da venda; Orienta quanto \u00e0s especifica\u00e7\u00f5es dos produtos . Controla os pedidos dos clientes, qualidade dos produtos e prazo de entrega...\" \/>\n<meta property=\"og:url\" content=\"https:\/\/www.vagasdecuritiba.com.br\/2024\/vendedor-30\/\" \/>\n<meta property=\"og:site_name\" content=\"Vagas de Curitiba\" \/>\n<meta property=\"article:publisher\" content=\"https:\/\/www.facebook.com\/vagacuritiba\/\" \/>\n<meta property=\"article:published_time\" content=\"2024-03-25T12:04:17+00:00\" \/>\n<meta name=\"author\" content=\"divulgador\" \/>\n<meta name=\"twitter:card\" content=\"summary_large_image\" \/>\n<meta name=\"twitter:label1\" content=\"Escrito por\" \/>\n\t<meta name=\"twitter:data1\" content=\"divulgador\" \/>\n\t<meta name=\"twitter:label2\" content=\"Est. tempo de leitura\" \/>\n\t<meta name=\"twitter:data2\" content=\"1 minuto\" \/>\n<script type=\"application\/ld+json\" class=\"yoast-schema-graph\">{\"@context\":\"https:\/\/schema.org\",\"@graph\":[{\"@type\":\"Article\",\"@id\":\"https:\/\/www.vagasdecuritiba.com.br\/2024\/vendedor-30\/#article\",\"isPartOf\":{\"@id\":\"https:\/\/www.vagasdecuritiba.com.br\/2024\/vendedor-30\/\"},\"author\":{\"name\":\"divulgador\",\"@id\":\"https:\/\/www.vagasdecuritiba.com.br\/2024\/#\/schema\/person\/908fd43dc08e4e44b51918240a3124eb\"},\"headline\":\"VENDEDOR\",\"datePublished\":\"2024-03-25T12:04:17+00:00\",\"dateModified\":\"2024-03-25T12:04:17+00:00\",\"mainEntityOfPage\":{\"@id\":\"https:\/\/www.vagasdecuritiba.com.br\/2024\/vendedor-30\/\"},\"wordCount\":115,\"publisher\":{\"@id\":\"https:\/\/www.vagasdecuritiba.com.br\/2024\/#organization\"},\"articleSection\":[\"Vagas\"],\"inLanguage\":\"pt-BR\"},{\"@type\":\"WebPage\",\"@id\":\"https:\/\/www.vagasdecuritiba.com.br\/2024\/vendedor-30\/\",\"url\":\"https:\/\/www.vagasdecuritiba.com.br\/2024\/vendedor-30\/\",\"name\":\"VENDEDOR - Vagas de Curitiba\",\"isPartOf\":{\"@id\":\"https:\/\/www.vagasdecuritiba.com.br\/2024\/#website\"},\"datePublished\":\"2024-03-25T12:04:17+00:00\",\"dateModified\":\"2024-03-25T12:04:17+00:00\",\"breadcrumb\":{\"@id\":\"https:\/\/www.vagasdecuritiba.com.br\/2024\/vendedor-30\/#breadcrumb\"},\"inLanguage\":\"pt-BR\",\"potentialAction\":[{\"@type\":\"ReadAction\",\"target\":[\"https:\/\/www.vagasdecuritiba.com.br\/2024\/vendedor-30\/\"]}]},{\"@type\":\"BreadcrumbList\",\"@id\":\"https:\/\/www.vagasdecuritiba.com.br\/2024\/vendedor-30\/#breadcrumb\",\"itemListElement\":[{\"@type\":\"ListItem\",\"position\":1,\"name\":\"In\u00edcio\",\"item\":\"https:\/\/www.vagasdecuritiba.com.br\/2024\/\"},{\"@type\":\"ListItem\",\"position\":2,\"name\":\"VENDEDOR\"}]},{\"@type\":\"WebSite\",\"@id\":\"https:\/\/www.vagasdecuritiba.com.br\/2024\/#website\",\"url\":\"https:\/\/www.vagasdecuritiba.com.br\/2024\/\",\"name\":\"Vagas de Curitiba\",\"description\":\"Empregos e est\u00e1gios em Curitiba e Regi\u00e3o Metropolitana\",\"publisher\":{\"@id\":\"https:\/\/www.vagasdecuritiba.com.br\/2024\/#organization\"},\"potentialAction\":[{\"@type\":\"SearchAction\",\"target\":{\"@type\":\"EntryPoint\",\"urlTemplate\":\"https:\/\/www.vagasdecuritiba.com.br\/2024\/?s={search_term_string}\"},\"query-input\":{\"@type\":\"PropertyValueSpecification\",\"valueRequired\":true,\"valueName\":\"search_term_string\"}}],\"inLanguage\":\"pt-BR\"},{\"@type\":\"Organization\",\"@id\":\"https:\/\/www.vagasdecuritiba.com.br\/2024\/#organization\",\"name\":\"Vagas de Curitiba\",\"url\":\"https:\/\/www.vagasdecuritiba.com.br\/2024\/\",\"logo\":{\"@type\":\"ImageObject\",\"inLanguage\":\"pt-BR\",\"@id\":\"https:\/\/www.vagasdecuritiba.com.br\/2024\/#\/schema\/logo\/image\/\",\"url\":\"https:\/\/i0.wp.com\/www.vagasdecuritiba.com.br\/wp-content\/uploads\/2022\/12\/vagas.jpg?fit=397%2C116&ssl=1\",\"contentUrl\":\"https:\/\/i0.wp.com\/www.vagasdecuritiba.com.br\/wp-content\/uploads\/2022\/12\/vagas.jpg?fit=397%2C116&ssl=1\",\"width\":397,\"height\":116,\"caption\":\"Vagas de Curitiba\"},\"image\":{\"@id\":\"https:\/\/www.vagasdecuritiba.com.br\/2024\/#\/schema\/logo\/image\/\"},\"sameAs\":[\"https:\/\/www.facebook.com\/vagacuritiba\/\"]},{\"@type\":\"Person\",\"@id\":\"https:\/\/www.vagasdecuritiba.com.br\/2024\/#\/schema\/person\/908fd43dc08e4e44b51918240a3124eb\",\"name\":\"divulgador\",\"image\":{\"@type\":\"ImageObject\",\"inLanguage\":\"pt-BR\",\"@id\":\"https:\/\/www.vagasdecuritiba.com.br\/2024\/#\/schema\/person\/image\/\",\"url\":\"https:\/\/secure.gravatar.com\/avatar\/aef22e3d07e6b994af40530ed9a297b2?s=96&d=mm&r=g\",\"contentUrl\":\"https:\/\/secure.gravatar.com\/avatar\/aef22e3d07e6b994af40530ed9a297b2?s=96&d=mm&r=g\",\"caption\":\"divulgador\"},\"url\":\"https:\/\/www.vagasdecuritiba.com.br\/2024\/author\/divulgador\/\"}]}<\/script>\n<!-- \/ Yoast SEO plugin. -->","yoast_head_json":{"title":"VENDEDOR - Vagas de Curitiba","robots":{"index":"index","follow":"follow","max-snippet":"max-snippet:-1","max-image-preview":"max-image-preview:large","max-video-preview":"max-video-preview:-1"},"canonical":"https:\/\/www.vagasdecuritiba.com.br\/2024\/vendedor-30\/","og_locale":"pt_BR","og_type":"article","og_title":"VENDEDOR - Vagas de Curitiba","og_description":"Vendedor para Loja de Ferramentas Sal\u00e1rio: R$1.500,00 &#8211; R$3.000,00 por m\u00eas Benef\u00edcios: Vale-refei\u00e7\u00e3o Vale-transporte Forte Ferramentas \u2013 Curitiba Descri\u00e7\u00e3o da Vaga: Realizar atendimento a clientes; Negocia\u00e7ao de pre\u00e7o, prazo, condi\u00e7\u00f5es de pagamento e descontos da venda; Orienta quanto \u00e0s especifica\u00e7\u00f5es dos produtos . Controla os pedidos dos clientes, qualidade dos produtos e prazo de entrega...","og_url":"https:\/\/www.vagasdecuritiba.com.br\/2024\/vendedor-30\/","og_site_name":"Vagas de Curitiba","article_publisher":"https:\/\/www.facebook.com\/vagacuritiba\/","article_published_time":"2024-03-25T12:04:17+00:00","author":"divulgador","twitter_card":"summary_large_image","twitter_misc":{"Escrito por":"divulgador","Est. tempo de leitura":"1 minuto"},"schema":{"@context":"https:\/\/schema.org","@graph":[{"@type":"Article","@id":"https:\/\/www.vagasdecuritiba.com.br\/2024\/vendedor-30\/#article","isPartOf":{"@id":"https:\/\/www.vagasdecuritiba.com.br\/2024\/vendedor-30\/"},"author":{"name":"divulgador","@id":"https:\/\/www.vagasdecuritiba.com.br\/2024\/#\/schema\/person\/908fd43dc08e4e44b51918240a3124eb"},"headline":"VENDEDOR","datePublished":"2024-03-25T12:04:17+00:00","dateModified":"2024-03-25T12:04:17+00:00","mainEntityOfPage":{"@id":"https:\/\/www.vagasdecuritiba.com.br\/2024\/vendedor-30\/"},"wordCount":115,"publisher":{"@id":"https:\/\/www.vagasdecuritiba.com.br\/2024\/#organization"},"articleSection":["Vagas"],"inLanguage":"pt-BR"},{"@type":"WebPage","@id":"https:\/\/www.vagasdecuritiba.com.br\/2024\/vendedor-30\/","url":"https:\/\/www.vagasdecuritiba.com.br\/2024\/vendedor-30\/","name":"VENDEDOR - Vagas de Curitiba","isPartOf":{"@id":"https:\/\/www.vagasdecuritiba.com.br\/2024\/#website"},"datePublished":"2024-03-25T12:04:17+00:00","dateModified":"2024-03-25T12:04:17+00:00","breadcrumb":{"@id":"https:\/\/www.vagasdecuritiba.com.br\/2024\/vendedor-30\/#breadcrumb"},"inLanguage":"pt-BR","potentialAction":[{"@type":"ReadAction","target":["https:\/\/www.vagasdecuritiba.com.br\/2024\/vendedor-30\/"]}]},{"@type":"BreadcrumbList","@id":"https:\/\/www.vagasdecuritiba.com.br\/2024\/vendedor-30\/#breadcrumb","itemListElement":[{"@type":"ListItem","position":1,"name":"In\u00edcio","item":"https:\/\/www.vagasdecuritiba.com.br\/2024\/"},{"@type":"ListItem","position":2,"name":"VENDEDOR"}]},{"@type":"WebSite","@id":"https:\/\/www.vagasdecuritiba.com.br\/2024\/#website","url":"https:\/\/www.vagasdecuritiba.com.br\/2024\/","name":"Vagas de Curitiba","description":"Empregos e est\u00e1gios em Curitiba e Regi\u00e3o Metropolitana","publisher":{"@id":"https:\/\/www.vagasdecuritiba.com.br\/2024\/#organization"},"potentialAction":[{"@type":"SearchAction","target":{"@type":"EntryPoint","urlTemplate":"https:\/\/www.vagasdecuritiba.com.br\/2024\/?s={search_term_string}"},"query-input":{"@type":"PropertyValueSpecification","valueRequired":true,"valueName":"search_term_string"}}],"inLanguage":"pt-BR"},{"@type":"Organization","@id":"https:\/\/www.vagasdecuritiba.com.br\/2024\/#organization","name":"Vagas de Curitiba","url":"https:\/\/www.vagasdecuritiba.com.br\/2024\/","logo":{"@type":"ImageObject","inLanguage":"pt-BR","@id":"https:\/\/www.vagasdecuritiba.com.br\/2024\/#\/schema\/logo\/image\/","url":"https:\/\/i0.wp.com\/www.vagasdecuritiba.com.br\/wp-content\/uploads\/2022\/12\/vagas.jpg?fit=397%2C116&ssl=1","contentUrl":"https:\/\/i0.wp.com\/www.vagasdecuritiba.com.br\/wp-content\/uploads\/2022\/12\/vagas.jpg?fit=397%2C116&ssl=1","width":397,"height":116,"caption":"Vagas de Curitiba"},"image":{"@id":"https:\/\/www.vagasdecuritiba.com.br\/2024\/#\/schema\/logo\/image\/"},"sameAs":["https:\/\/www.facebook.com\/vagacuritiba\/"]},{"@type":"Person","@id":"https:\/\/www.vagasdecuritiba.com.br\/2024\/#\/schema\/person\/908fd43dc08e4e44b51918240a3124eb","name":"divulgador","image":{"@type":"ImageObject","inLanguage":"pt-BR","@id":"https:\/\/www.vagasdecuritiba.com.br\/2024\/#\/schema\/person\/image\/","url":"https:\/\/secure.gravatar.com\/avatar\/aef22e3d07e6b994af40530ed9a297b2?s=96&d=mm&r=g","contentUrl":"https:\/\/secure.gravatar.com\/avatar\/aef22e3d07e6b994af40530ed9a297b2?s=96&d=mm&r=g","caption":"divulgador"},"url":"https:\/\/www.vagasdecuritiba.com.br\/2024\/author\/divulgador\/"}]}},"_links":{"self":[{"href":"https:\/\/www.vagasdecuritiba.com.br\/2024\/wp-json\/wp\/v2\/posts\/13804"}],"collection":[{"href":"https:\/\/www.vagasdecuritiba.com.br\/2024\/wp-json\/wp\/v2\/posts"}],"about":[{"href":"https:\/\/www.vagasdecuritiba.com.br\/2024\/wp-json\/wp\/v2\/types\/post"}],"author":[{"embeddable":true,"href":"https:\/\/www.vagasdecuritiba.com.br\/2024\/wp-json\/wp\/v2\/users\/1"}],"replies":[{"embeddable":true,"href":"https:\/\/www.vagasdecuritiba.com.br\/2024\/wp-json\/wp\/v2\/comments?post=13804"}],"version-history":[{"count":1,"href":"https:\/\/www.vagasdecuritiba.com.br\/2024\/wp-json\/wp\/v2\/posts\/13804\/revisions"}],"predecessor-version":[{"id":13805,"href":"https:\/\/www.vagasdecuritiba.com.br\/2024\/wp-json\/wp\/v2\/posts\/13804\/revisions\/13805"}],"wp:attachment":[{"href":"https:\/\/www.vagasdecuritiba.com.br\/2024\/wp-json\/wp\/v2\/media?parent=13804"}],"wp:term":[{"taxonomy":"category","embeddable":true,"href":"https:\/\/www.vagasdecuritiba.com.br\/2024\/wp-json\/wp\/v2\/categories?post=13804"},{"taxonomy":"post_tag","embeddable":true,"href":"https:\/\/www.vagasdecuritiba.com.br\/2024\/wp-json\/wp\/v2\/tags?post=13804"}],"curies":[{"name":"wp","href":"https:\/\/api.w.org\/{rel}","templated":true}]}}