{"id":14228,"date":"2024-11-03T21:18:03","date_gmt":"2024-11-04T00:18:03","guid":{"rendered":"https:\/\/www.vagasdecuritiba.com.br\/?p=14228"},"modified":"2024-11-03T21:18:03","modified_gmt":"2024-11-04T00:18:03","slug":"auxiliar-de-producao-206","status":"publish","type":"post","link":"https:\/\/www.vagasdecuritiba.com.br\/2024\/auxiliar-de-producao-206\/","title":{"rendered":"AUXILIAR DE PRODU\u00c7\u00c3O"},"content":{"rendered":"<div class=\"elementor-element elementor-element-5e41323 elementor-widget elementor-widget-heading\" data-id=\"5e41323\" data-element_type=\"widget\" data-widget_type=\"heading.default\">\n<div class=\"elementor-widget-container\"><\/div>\n<\/div>\n<div class=\"elementor-element elementor-element-d065c44 e-flex e-con-boxed e-con e-child\" data-id=\"d065c44\" data-element_type=\"container\" data-settings=\"{&quot;jet_parallax_layout_list&quot;:[]}\">\n<div class=\"e-con-inner\">\n<div class=\"elementor-element elementor-element-cd39185 elementor-widget elementor-widget-jet-listing-dynamic-terms\" data-id=\"cd39185\" data-element_type=\"widget\" data-widget_type=\"jet-listing-dynamic-terms.default\">\n<div class=\"elementor-widget-container\">\n<div><\/div>\n<div class=\"jet-listing jet-listing-dynamic-terms\">\n<h4>Sal\u00e1rio <span style=\"font-size: 1.6rem;\">R$ 1.851,90 INICIAL<\/span><\/h4>\n<ul>\n<li style=\"list-style-type: none;\">\n<ul>\n<li>Refei\u00e7\u00e3o no local (caf\u00e9 e almo\u00e7o)<\/li>\n<li>Plano de sa\u00fade<\/li>\n<li>Va de R$391,00 + 118,00 de assiduidade (faltas, atestados ou Atrasos)<\/li>\n<li>Brinde anivers\u00e1rio e cesta de natal<\/li>\n<li>Vale transporte<\/li>\n<li>Auxilio combustivel para o Segundo turno.<\/li>\n<\/ul>\n<\/li>\n<\/ul>\n<p>&nbsp;<\/p>\n<\/div>\n<div class=\"jet-listing jet-listing-dynamic-terms\"><span style=\"font-size: 1.6rem;\">Atuba &#8211; Colombo\/PR<\/span><\/div>\n<\/div>\n<\/div>\n<\/div>\n<\/div>\n<div class=\"elementor-element elementor-element-c3dc20d elementor-widget elementor-widget-jet-listing-dynamic-field\" data-id=\"c3dc20d\" data-element_type=\"widget\" data-widget_type=\"jet-listing-dynamic-field.default\">\n<div class=\"elementor-widget-container\">\n<div class=\"jet-listing jet-listing-dynamic-field display-inline\">\n<div class=\"jet-listing-dynamic-field__inline-wrap\"><i class=\"jet-listing-dynamic-field__icon far fa-clock\" aria-hidden=\"true\"><\/i><\/p>\n<div class=\"jet-listing-dynamic-field__content\">Hor\u00e1rio: (2\u00ba turno) HOR\u00c1RIOS 13:00 AS 22:42 DE SEGUNDA A SABADO<\/div>\n<\/div>\n<\/div>\n<\/div>\n<\/div>\n<div class=\"elementor-element elementor-element-59acc85 elementor-widget-divider--view-line elementor-widget elementor-widget-divider\" data-id=\"59acc85\" data-element_type=\"widget\" data-widget_type=\"divider.default\">\n<div class=\"elementor-widget-container\">\n<div class=\"elementor-divider\"><span style=\"font-size: 1.6rem;\">Desej\u00e1vel ensino m\u00e9dio, fazer manuten\u00e7\u00e3o de estruturas m\u00e1licas, andaimes em ferro, lavar, fazer reparos, pintura, carga e descarga, trabalho bra\u00e7al. Residir f\u00e1cil acesso a Colombo Atuba.<\/span><\/div>\n<\/div>\n<\/div>\n<div class=\"elementor-element elementor-element-ab079fa elementor-widget elementor-widget-jet-listing-dynamic-field\" data-id=\"ab079fa\" data-element_type=\"widget\" data-widget_type=\"jet-listing-dynamic-field.default\">\n<div class=\"elementor-widget-container\">\n<div class=\"jet-listing jet-listing-dynamic-field display-inline\">\n<div class=\"jet-listing-dynamic-field__inline-wrap\">\n<div class=\"jet-listing-dynamic-field__content\">\n<p>(1\u00ba turno)\u00a0HOR\u00c1RIOS 05:55 AS 15:43\u00a0\u00a0DE SEGUNDA A SABADO<\/p>\n<p>(2\u00ba turno)\u00a0HOR\u00c1RIOS\u00a013:00 AS 22:42 DE SEGUNDA A SABADO<\/p>\n<p>Sal\u00e1rio:\u00a0R$ 1.851,90 Ap\u00f3s experiencia\u00a0R$\u00a01.944,50<\/p>\n<p>Oportunidade:\u00a0Empresa oferece crescimento, e desenvolvimento (Cursos de epilhadeira)<\/p>\n<p>Vaga Efetiva<\/p>\n<div>\n<p>Atividade repetitiva e pesadas (Ambiente da fabrica \u00e9 meio barulhento); &#8211; Atividade artesanal.<\/p>\n<p>CADASTRE SEU CURRICULO NO LINK ABAIXO<\/p>\n<p><a href=\"https:\/\/candidatos.sigecor.com.br\/vagas_detalhe?api_key=7943d8e7707dad9&amp;vaga_id=17460\">https:\/\/candidatos.sigecor.com.br\/vagas_detalhe?api_key=7943d8e7707dad9&amp;vaga_id=17460<\/a><\/p>\n<\/div>\n<p>&nbsp;<\/p>\n<\/div>\n<\/div>\n<\/div>\n<\/div>\n<\/div>\n<div class=\"elementor-element elementor-element-1cb41bb elementor-widget elementor-widget-jet-listing-dynamic-field\" data-id=\"1cb41bb\" data-element_type=\"widget\" data-widget_type=\"jet-listing-dynamic-field.default\">\n<div class=\"elementor-widget-container\">\n<div class=\"jet-listing jet-listing-dynamic-field display-inline\">\n<div class=\"jet-listing-dynamic-field__inline-wrap\">\n<div class=\"jet-listing-dynamic-field__content\"><\/div>\n<\/div>\n<\/div>\n<\/div>\n<\/div>\n","protected":false},"excerpt":{"rendered":"<p>Sal\u00e1rio R$ 1.851,90 INICIAL Refei\u00e7\u00e3o no local (caf\u00e9 e almo\u00e7o) Plano de sa\u00fade Va de R$391,00 + 118,00 de assiduidade (faltas, atestados ou Atrasos) Brinde anivers\u00e1rio e cesta de natal Vale transporte Auxilio combustivel para o Segundo turno. &nbsp; Atuba &#8211; Colombo\/PR Hor\u00e1rio: (2\u00ba turno) HOR\u00c1RIOS 13:00 AS 22:42 DE SEGUNDA A SABADO Desej\u00e1vel ensino&#8230;<\/p>\n","protected":false},"author":1,"featured_media":0,"comment_status":"closed","ping_status":"open","sticky":false,"template":"","format":"standard","meta":{"footnotes":""},"categories":[2],"tags":[],"yoast_head":"<!-- This site is optimized with the Yoast SEO plugin v23.4 - https:\/\/yoast.com\/wordpress\/plugins\/seo\/ -->\n<title>AUXILIAR DE PRODU\u00c7\u00c3O - Vagas de Curitiba<\/title>\n<meta name=\"robots\" content=\"index, follow, max-snippet:-1, max-image-preview:large, max-video-preview:-1\" \/>\n<link rel=\"canonical\" href=\"https:\/\/www.vagasdecuritiba.com.br\/2024\/auxiliar-de-producao-206\/\" \/>\n<meta property=\"og:locale\" content=\"pt_BR\" \/>\n<meta property=\"og:type\" content=\"article\" \/>\n<meta property=\"og:title\" content=\"AUXILIAR DE PRODU\u00c7\u00c3O - Vagas de Curitiba\" \/>\n<meta property=\"og:description\" content=\"Sal\u00e1rio R$ 1.851,90 INICIAL Refei\u00e7\u00e3o no local (caf\u00e9 e almo\u00e7o) Plano de sa\u00fade Va de R$391,00 + 118,00 de assiduidade (faltas, atestados ou Atrasos) Brinde anivers\u00e1rio e cesta de natal Vale transporte Auxilio combustivel para o Segundo turno. &nbsp; Atuba &#8211; Colombo\/PR Hor\u00e1rio: (2\u00ba turno) HOR\u00c1RIOS 13:00 AS 22:42 DE SEGUNDA A SABADO Desej\u00e1vel ensino...\" \/>\n<meta property=\"og:url\" content=\"https:\/\/www.vagasdecuritiba.com.br\/2024\/auxiliar-de-producao-206\/\" \/>\n<meta property=\"og:site_name\" content=\"Vagas de Curitiba\" \/>\n<meta property=\"article:publisher\" content=\"https:\/\/www.facebook.com\/vagacuritiba\/\" \/>\n<meta property=\"article:published_time\" content=\"2024-11-04T00:18:03+00:00\" \/>\n<meta name=\"author\" content=\"divulgador\" \/>\n<meta name=\"twitter:card\" content=\"summary_large_image\" \/>\n<meta name=\"twitter:label1\" content=\"Escrito por\" \/>\n\t<meta name=\"twitter:data1\" content=\"divulgador\" \/>\n\t<meta name=\"twitter:label2\" content=\"Est. tempo de leitura\" \/>\n\t<meta name=\"twitter:data2\" content=\"1 minuto\" \/>\n<script type=\"application\/ld+json\" class=\"yoast-schema-graph\">{\"@context\":\"https:\/\/schema.org\",\"@graph\":[{\"@type\":\"Article\",\"@id\":\"https:\/\/www.vagasdecuritiba.com.br\/2024\/auxiliar-de-producao-206\/#article\",\"isPartOf\":{\"@id\":\"https:\/\/www.vagasdecuritiba.com.br\/2024\/auxiliar-de-producao-206\/\"},\"author\":{\"name\":\"divulgador\",\"@id\":\"https:\/\/www.vagasdecuritiba.com.br\/2024\/#\/schema\/person\/908fd43dc08e4e44b51918240a3124eb\"},\"headline\":\"AUXILIAR DE PRODU\u00c7\u00c3O\",\"datePublished\":\"2024-11-04T00:18:03+00:00\",\"dateModified\":\"2024-11-04T00:18:03+00:00\",\"mainEntityOfPage\":{\"@id\":\"https:\/\/www.vagasdecuritiba.com.br\/2024\/auxiliar-de-producao-206\/\"},\"wordCount\":159,\"publisher\":{\"@id\":\"https:\/\/www.vagasdecuritiba.com.br\/2024\/#organization\"},\"articleSection\":[\"Vagas\"],\"inLanguage\":\"pt-BR\"},{\"@type\":\"WebPage\",\"@id\":\"https:\/\/www.vagasdecuritiba.com.br\/2024\/auxiliar-de-producao-206\/\",\"url\":\"https:\/\/www.vagasdecuritiba.com.br\/2024\/auxiliar-de-producao-206\/\",\"name\":\"AUXILIAR DE PRODU\u00c7\u00c3O - Vagas de Curitiba\",\"isPartOf\":{\"@id\":\"https:\/\/www.vagasdecuritiba.com.br\/2024\/#website\"},\"datePublished\":\"2024-11-04T00:18:03+00:00\",\"dateModified\":\"2024-11-04T00:18:03+00:00\",\"breadcrumb\":{\"@id\":\"https:\/\/www.vagasdecuritiba.com.br\/2024\/auxiliar-de-producao-206\/#breadcrumb\"},\"inLanguage\":\"pt-BR\",\"potentialAction\":[{\"@type\":\"ReadAction\",\"target\":[\"https:\/\/www.vagasdecuritiba.com.br\/2024\/auxiliar-de-producao-206\/\"]}]},{\"@type\":\"BreadcrumbList\",\"@id\":\"https:\/\/www.vagasdecuritiba.com.br\/2024\/auxiliar-de-producao-206\/#breadcrumb\",\"itemListElement\":[{\"@type\":\"ListItem\",\"position\":1,\"name\":\"In\u00edcio\",\"item\":\"https:\/\/www.vagasdecuritiba.com.br\/2024\/\"},{\"@type\":\"ListItem\",\"position\":2,\"name\":\"AUXILIAR DE PRODU\u00c7\u00c3O\"}]},{\"@type\":\"WebSite\",\"@id\":\"https:\/\/www.vagasdecuritiba.com.br\/2024\/#website\",\"url\":\"https:\/\/www.vagasdecuritiba.com.br\/2024\/\",\"name\":\"Vagas de Curitiba\",\"description\":\"Empregos e est\u00e1gios em Curitiba e Regi\u00e3o Metropolitana\",\"publisher\":{\"@id\":\"https:\/\/www.vagasdecuritiba.com.br\/2024\/#organization\"},\"potentialAction\":[{\"@type\":\"SearchAction\",\"target\":{\"@type\":\"EntryPoint\",\"urlTemplate\":\"https:\/\/www.vagasdecuritiba.com.br\/2024\/?s={search_term_string}\"},\"query-input\":{\"@type\":\"PropertyValueSpecification\",\"valueRequired\":true,\"valueName\":\"search_term_string\"}}],\"inLanguage\":\"pt-BR\"},{\"@type\":\"Organization\",\"@id\":\"https:\/\/www.vagasdecuritiba.com.br\/2024\/#organization\",\"name\":\"Vagas de Curitiba\",\"url\":\"https:\/\/www.vagasdecuritiba.com.br\/2024\/\",\"logo\":{\"@type\":\"ImageObject\",\"inLanguage\":\"pt-BR\",\"@id\":\"https:\/\/www.vagasdecuritiba.com.br\/2024\/#\/schema\/logo\/image\/\",\"url\":\"https:\/\/i0.wp.com\/www.vagasdecuritiba.com.br\/wp-content\/uploads\/2022\/12\/vagas.jpg?fit=397%2C116&ssl=1\",\"contentUrl\":\"https:\/\/i0.wp.com\/www.vagasdecuritiba.com.br\/wp-content\/uploads\/2022\/12\/vagas.jpg?fit=397%2C116&ssl=1\",\"width\":397,\"height\":116,\"caption\":\"Vagas de Curitiba\"},\"image\":{\"@id\":\"https:\/\/www.vagasdecuritiba.com.br\/2024\/#\/schema\/logo\/image\/\"},\"sameAs\":[\"https:\/\/www.facebook.com\/vagacuritiba\/\"]},{\"@type\":\"Person\",\"@id\":\"https:\/\/www.vagasdecuritiba.com.br\/2024\/#\/schema\/person\/908fd43dc08e4e44b51918240a3124eb\",\"name\":\"divulgador\",\"image\":{\"@type\":\"ImageObject\",\"inLanguage\":\"pt-BR\",\"@id\":\"https:\/\/www.vagasdecuritiba.com.br\/2024\/#\/schema\/person\/image\/\",\"url\":\"https:\/\/secure.gravatar.com\/avatar\/aef22e3d07e6b994af40530ed9a297b2?s=96&d=mm&r=g\",\"contentUrl\":\"https:\/\/secure.gravatar.com\/avatar\/aef22e3d07e6b994af40530ed9a297b2?s=96&d=mm&r=g\",\"caption\":\"divulgador\"},\"url\":\"https:\/\/www.vagasdecuritiba.com.br\/2024\/author\/divulgador\/\"}]}<\/script>\n<!-- \/ Yoast SEO plugin. -->","yoast_head_json":{"title":"AUXILIAR DE PRODU\u00c7\u00c3O - Vagas de Curitiba","robots":{"index":"index","follow":"follow","max-snippet":"max-snippet:-1","max-image-preview":"max-image-preview:large","max-video-preview":"max-video-preview:-1"},"canonical":"https:\/\/www.vagasdecuritiba.com.br\/2024\/auxiliar-de-producao-206\/","og_locale":"pt_BR","og_type":"article","og_title":"AUXILIAR DE PRODU\u00c7\u00c3O - Vagas de Curitiba","og_description":"Sal\u00e1rio R$ 1.851,90 INICIAL Refei\u00e7\u00e3o no local (caf\u00e9 e almo\u00e7o) Plano de sa\u00fade Va de R$391,00 + 118,00 de assiduidade (faltas, atestados ou Atrasos) Brinde anivers\u00e1rio e cesta de natal Vale transporte Auxilio combustivel para o Segundo turno. &nbsp; Atuba &#8211; Colombo\/PR Hor\u00e1rio: (2\u00ba turno) HOR\u00c1RIOS 13:00 AS 22:42 DE SEGUNDA A SABADO Desej\u00e1vel ensino...","og_url":"https:\/\/www.vagasdecuritiba.com.br\/2024\/auxiliar-de-producao-206\/","og_site_name":"Vagas de Curitiba","article_publisher":"https:\/\/www.facebook.com\/vagacuritiba\/","article_published_time":"2024-11-04T00:18:03+00:00","author":"divulgador","twitter_card":"summary_large_image","twitter_misc":{"Escrito por":"divulgador","Est. tempo de leitura":"1 minuto"},"schema":{"@context":"https:\/\/schema.org","@graph":[{"@type":"Article","@id":"https:\/\/www.vagasdecuritiba.com.br\/2024\/auxiliar-de-producao-206\/#article","isPartOf":{"@id":"https:\/\/www.vagasdecuritiba.com.br\/2024\/auxiliar-de-producao-206\/"},"author":{"name":"divulgador","@id":"https:\/\/www.vagasdecuritiba.com.br\/2024\/#\/schema\/person\/908fd43dc08e4e44b51918240a3124eb"},"headline":"AUXILIAR DE PRODU\u00c7\u00c3O","datePublished":"2024-11-04T00:18:03+00:00","dateModified":"2024-11-04T00:18:03+00:00","mainEntityOfPage":{"@id":"https:\/\/www.vagasdecuritiba.com.br\/2024\/auxiliar-de-producao-206\/"},"wordCount":159,"publisher":{"@id":"https:\/\/www.vagasdecuritiba.com.br\/2024\/#organization"},"articleSection":["Vagas"],"inLanguage":"pt-BR"},{"@type":"WebPage","@id":"https:\/\/www.vagasdecuritiba.com.br\/2024\/auxiliar-de-producao-206\/","url":"https:\/\/www.vagasdecuritiba.com.br\/2024\/auxiliar-de-producao-206\/","name":"AUXILIAR DE PRODU\u00c7\u00c3O - Vagas de Curitiba","isPartOf":{"@id":"https:\/\/www.vagasdecuritiba.com.br\/2024\/#website"},"datePublished":"2024-11-04T00:18:03+00:00","dateModified":"2024-11-04T00:18:03+00:00","breadcrumb":{"@id":"https:\/\/www.vagasdecuritiba.com.br\/2024\/auxiliar-de-producao-206\/#breadcrumb"},"inLanguage":"pt-BR","potentialAction":[{"@type":"ReadAction","target":["https:\/\/www.vagasdecuritiba.com.br\/2024\/auxiliar-de-producao-206\/"]}]},{"@type":"BreadcrumbList","@id":"https:\/\/www.vagasdecuritiba.com.br\/2024\/auxiliar-de-producao-206\/#breadcrumb","itemListElement":[{"@type":"ListItem","position":1,"name":"In\u00edcio","item":"https:\/\/www.vagasdecuritiba.com.br\/2024\/"},{"@type":"ListItem","position":2,"name":"AUXILIAR DE PRODU\u00c7\u00c3O"}]},{"@type":"WebSite","@id":"https:\/\/www.vagasdecuritiba.com.br\/2024\/#website","url":"https:\/\/www.vagasdecuritiba.com.br\/2024\/","name":"Vagas de Curitiba","description":"Empregos e est\u00e1gios em Curitiba e Regi\u00e3o Metropolitana","publisher":{"@id":"https:\/\/www.vagasdecuritiba.com.br\/2024\/#organization"},"potentialAction":[{"@type":"SearchAction","target":{"@type":"EntryPoint","urlTemplate":"https:\/\/www.vagasdecuritiba.com.br\/2024\/?s={search_term_string}"},"query-input":{"@type":"PropertyValueSpecification","valueRequired":true,"valueName":"search_term_string"}}],"inLanguage":"pt-BR"},{"@type":"Organization","@id":"https:\/\/www.vagasdecuritiba.com.br\/2024\/#organization","name":"Vagas de Curitiba","url":"https:\/\/www.vagasdecuritiba.com.br\/2024\/","logo":{"@type":"ImageObject","inLanguage":"pt-BR","@id":"https:\/\/www.vagasdecuritiba.com.br\/2024\/#\/schema\/logo\/image\/","url":"https:\/\/i0.wp.com\/www.vagasdecuritiba.com.br\/wp-content\/uploads\/2022\/12\/vagas.jpg?fit=397%2C116&ssl=1","contentUrl":"https:\/\/i0.wp.com\/www.vagasdecuritiba.com.br\/wp-content\/uploads\/2022\/12\/vagas.jpg?fit=397%2C116&ssl=1","width":397,"height":116,"caption":"Vagas de Curitiba"},"image":{"@id":"https:\/\/www.vagasdecuritiba.com.br\/2024\/#\/schema\/logo\/image\/"},"sameAs":["https:\/\/www.facebook.com\/vagacuritiba\/"]},{"@type":"Person","@id":"https:\/\/www.vagasdecuritiba.com.br\/2024\/#\/schema\/person\/908fd43dc08e4e44b51918240a3124eb","name":"divulgador","image":{"@type":"ImageObject","inLanguage":"pt-BR","@id":"https:\/\/www.vagasdecuritiba.com.br\/2024\/#\/schema\/person\/image\/","url":"https:\/\/secure.gravatar.com\/avatar\/aef22e3d07e6b994af40530ed9a297b2?s=96&d=mm&r=g","contentUrl":"https:\/\/secure.gravatar.com\/avatar\/aef22e3d07e6b994af40530ed9a297b2?s=96&d=mm&r=g","caption":"divulgador"},"url":"https:\/\/www.vagasdecuritiba.com.br\/2024\/author\/divulgador\/"}]}},"_links":{"self":[{"href":"https:\/\/www.vagasdecuritiba.com.br\/2024\/wp-json\/wp\/v2\/posts\/14228"}],"collection":[{"href":"https:\/\/www.vagasdecuritiba.com.br\/2024\/wp-json\/wp\/v2\/posts"}],"about":[{"href":"https:\/\/www.vagasdecuritiba.com.br\/2024\/wp-json\/wp\/v2\/types\/post"}],"author":[{"embeddable":true,"href":"https:\/\/www.vagasdecuritiba.com.br\/2024\/wp-json\/wp\/v2\/users\/1"}],"replies":[{"embeddable":true,"href":"https:\/\/www.vagasdecuritiba.com.br\/2024\/wp-json\/wp\/v2\/comments?post=14228"}],"version-history":[{"count":1,"href":"https:\/\/www.vagasdecuritiba.com.br\/2024\/wp-json\/wp\/v2\/posts\/14228\/revisions"}],"predecessor-version":[{"id":14229,"href":"https:\/\/www.vagasdecuritiba.com.br\/2024\/wp-json\/wp\/v2\/posts\/14228\/revisions\/14229"}],"wp:attachment":[{"href":"https:\/\/www.vagasdecuritiba.com.br\/2024\/wp-json\/wp\/v2\/media?parent=14228"}],"wp:term":[{"taxonomy":"category","embeddable":true,"href":"https:\/\/www.vagasdecuritiba.com.br\/2024\/wp-json\/wp\/v2\/categories?post=14228"},{"taxonomy":"post_tag","embeddable":true,"href":"https:\/\/www.vagasdecuritiba.com.br\/2024\/wp-json\/wp\/v2\/tags?post=14228"}],"curies":[{"name":"wp","href":"https:\/\/api.w.org\/{rel}","templated":true}]}}