{"id":276,"date":"2016-06-19T18:27:56","date_gmt":"2016-06-19T21:27:56","guid":{"rendered":"http:\/\/www.vagasdecuritiba.com.br\/?p=276"},"modified":"2016-06-19T18:27:56","modified_gmt":"2016-06-19T21:27:56","slug":"vendedora-4","status":"publish","type":"post","link":"https:\/\/www.vagasdecuritiba.com.br\/2024\/vendedora-4\/","title":{"rendered":"Vendedora"},"content":{"rendered":"<p><strong>Vendedora<\/strong><\/p>\n<p>(SHOPPING BARIGUI)<br \/>\nEnsino m\u00e9dio completo<br \/>\nSexo feminino<br \/>\nNecess\u00e1ria experi\u00eancia comprovada na \u00e1rea de vendas<br \/>\n(desej\u00e1vel ter atuado como vendedor em lojas de shopping<br \/>\nou rua) Escala 6X1 de segunda \u00e1 sexta das17: 00 \u00e1s 23:00 nos<br \/>\ns\u00e1bados das 14:00 \u00e1s 22:00 e domingos das 14:00 \u00e1s 20:00<br \/>\nSal\u00e1rio 1083,00 comiss\u00e3o<br \/>\nBenef\u00edcios VT+ VR 16,00<\/p>\n<p><strong>ENTREVISTAS: RUA EBANO PEREIRA 477<\/strong><br \/>\n<strong>CENTRO DE CURITIBA. FONE: 3039-0202<\/strong><\/p>\n","protected":false},"excerpt":{"rendered":"<p>Vendedora (SHOPPING BARIGUI) Ensino m\u00e9dio completo Sexo feminino Necess\u00e1ria experi\u00eancia comprovada na \u00e1rea de vendas (desej\u00e1vel ter atuado como vendedor em lojas de shopping ou rua) Escala 6X1 de segunda \u00e1 sexta das17: 00 \u00e1s 23:00 nos s\u00e1bados das 14:00 \u00e1s 22:00 e domingos das 14:00 \u00e1s 20:00 Sal\u00e1rio 1083,00 comiss\u00e3o Benef\u00edcios VT+ VR 16,00&#8230;<\/p>\n","protected":false},"author":1,"featured_media":8851,"comment_status":"closed","ping_status":"open","sticky":false,"template":"","format":"standard","meta":{"footnotes":""},"categories":[2],"tags":[7,5,6,3,4],"yoast_head":"<!-- This site is optimized with the Yoast SEO plugin v23.4 - https:\/\/yoast.com\/wordpress\/plugins\/seo\/ -->\n<title>Vendedora - Vagas de Curitiba<\/title>\n<meta name=\"robots\" content=\"index, follow, max-snippet:-1, max-image-preview:large, max-video-preview:-1\" \/>\n<link rel=\"canonical\" href=\"https:\/\/www.vagasdecuritiba.com.br\/2024\/vendedora-4\/\" \/>\n<meta property=\"og:locale\" content=\"pt_BR\" \/>\n<meta property=\"og:type\" content=\"article\" \/>\n<meta property=\"og:title\" content=\"Vendedora - Vagas de Curitiba\" \/>\n<meta property=\"og:description\" content=\"Vendedora (SHOPPING BARIGUI) Ensino m\u00e9dio completo Sexo feminino Necess\u00e1ria experi\u00eancia comprovada na \u00e1rea de vendas (desej\u00e1vel ter atuado como vendedor em lojas de shopping ou rua) Escala 6X1 de segunda \u00e1 sexta das17: 00 \u00e1s 23:00 nos s\u00e1bados das 14:00 \u00e1s 22:00 e domingos das 14:00 \u00e1s 20:00 Sal\u00e1rio 1083,00 comiss\u00e3o Benef\u00edcios VT+ VR 16,00...\" \/>\n<meta property=\"og:url\" content=\"https:\/\/www.vagasdecuritiba.com.br\/2024\/vendedora-4\/\" \/>\n<meta property=\"og:site_name\" content=\"Vagas de Curitiba\" \/>\n<meta property=\"article:publisher\" content=\"https:\/\/www.facebook.com\/vagacuritiba\/\" \/>\n<meta property=\"article:published_time\" content=\"2016-06-19T21:27:56+00:00\" \/>\n<meta property=\"og:image\" content=\"https:\/\/www.vagasdecuritiba.com.br\/2024\/wp-content\/uploads\/2023\/01\/2.jpg\" \/>\n\t<meta property=\"og:image:width\" content=\"600\" \/>\n\t<meta property=\"og:image:height\" content=\"314\" \/>\n\t<meta property=\"og:image:type\" content=\"image\/jpeg\" \/>\n<meta name=\"author\" content=\"divulgador\" \/>\n<meta name=\"twitter:card\" content=\"summary_large_image\" \/>\n<meta name=\"twitter:label1\" content=\"Escrito por\" \/>\n\t<meta name=\"twitter:data1\" content=\"divulgador\" \/>\n<script type=\"application\/ld+json\" class=\"yoast-schema-graph\">{\"@context\":\"https:\/\/schema.org\",\"@graph\":[{\"@type\":\"Article\",\"@id\":\"https:\/\/www.vagasdecuritiba.com.br\/2024\/vendedora-4\/#article\",\"isPartOf\":{\"@id\":\"https:\/\/www.vagasdecuritiba.com.br\/2024\/vendedora-4\/\"},\"author\":{\"name\":\"divulgador\",\"@id\":\"https:\/\/www.vagasdecuritiba.com.br\/2024\/#\/schema\/person\/908fd43dc08e4e44b51918240a3124eb\"},\"headline\":\"Vendedora\",\"datePublished\":\"2016-06-19T21:27:56+00:00\",\"dateModified\":\"2016-06-19T21:27:56+00:00\",\"mainEntityOfPage\":{\"@id\":\"https:\/\/www.vagasdecuritiba.com.br\/2024\/vendedora-4\/\"},\"wordCount\":64,\"publisher\":{\"@id\":\"https:\/\/www.vagasdecuritiba.com.br\/2024\/#organization\"},\"image\":{\"@id\":\"https:\/\/www.vagasdecuritiba.com.br\/2024\/vendedora-4\/#primaryimage\"},\"thumbnailUrl\":\"https:\/\/www.vagasdecuritiba.com.br\/2024\/wp-content\/uploads\/2023\/01\/2.jpg\",\"keywords\":[\"emprego em Curitiba\",\"oportunidades de emprego\",\"vagas\",\"vagas de emprego\",\"vagas em Curitiba\"],\"articleSection\":[\"Vagas\"],\"inLanguage\":\"pt-BR\"},{\"@type\":\"WebPage\",\"@id\":\"https:\/\/www.vagasdecuritiba.com.br\/2024\/vendedora-4\/\",\"url\":\"https:\/\/www.vagasdecuritiba.com.br\/2024\/vendedora-4\/\",\"name\":\"Vendedora - Vagas de Curitiba\",\"isPartOf\":{\"@id\":\"https:\/\/www.vagasdecuritiba.com.br\/2024\/#website\"},\"primaryImageOfPage\":{\"@id\":\"https:\/\/www.vagasdecuritiba.com.br\/2024\/vendedora-4\/#primaryimage\"},\"image\":{\"@id\":\"https:\/\/www.vagasdecuritiba.com.br\/2024\/vendedora-4\/#primaryimage\"},\"thumbnailUrl\":\"https:\/\/www.vagasdecuritiba.com.br\/2024\/wp-content\/uploads\/2023\/01\/2.jpg\",\"datePublished\":\"2016-06-19T21:27:56+00:00\",\"dateModified\":\"2016-06-19T21:27:56+00:00\",\"breadcrumb\":{\"@id\":\"https:\/\/www.vagasdecuritiba.com.br\/2024\/vendedora-4\/#breadcrumb\"},\"inLanguage\":\"pt-BR\",\"potentialAction\":[{\"@type\":\"ReadAction\",\"target\":[\"https:\/\/www.vagasdecuritiba.com.br\/2024\/vendedora-4\/\"]}]},{\"@type\":\"ImageObject\",\"inLanguage\":\"pt-BR\",\"@id\":\"https:\/\/www.vagasdecuritiba.com.br\/2024\/vendedora-4\/#primaryimage\",\"url\":\"https:\/\/www.vagasdecuritiba.com.br\/2024\/wp-content\/uploads\/2023\/01\/2.jpg\",\"contentUrl\":\"https:\/\/www.vagasdecuritiba.com.br\/2024\/wp-content\/uploads\/2023\/01\/2.jpg\",\"width\":600,\"height\":314},{\"@type\":\"BreadcrumbList\",\"@id\":\"https:\/\/www.vagasdecuritiba.com.br\/2024\/vendedora-4\/#breadcrumb\",\"itemListElement\":[{\"@type\":\"ListItem\",\"position\":1,\"name\":\"In\u00edcio\",\"item\":\"https:\/\/www.vagasdecuritiba.com.br\/2024\/\"},{\"@type\":\"ListItem\",\"position\":2,\"name\":\"Vendedora\"}]},{\"@type\":\"WebSite\",\"@id\":\"https:\/\/www.vagasdecuritiba.com.br\/2024\/#website\",\"url\":\"https:\/\/www.vagasdecuritiba.com.br\/2024\/\",\"name\":\"Vagas de Curitiba\",\"description\":\"Empregos e est\u00e1gios em Curitiba e Regi\u00e3o Metropolitana\",\"publisher\":{\"@id\":\"https:\/\/www.vagasdecuritiba.com.br\/2024\/#organization\"},\"potentialAction\":[{\"@type\":\"SearchAction\",\"target\":{\"@type\":\"EntryPoint\",\"urlTemplate\":\"https:\/\/www.vagasdecuritiba.com.br\/2024\/?s={search_term_string}\"},\"query-input\":{\"@type\":\"PropertyValueSpecification\",\"valueRequired\":true,\"valueName\":\"search_term_string\"}}],\"inLanguage\":\"pt-BR\"},{\"@type\":\"Organization\",\"@id\":\"https:\/\/www.vagasdecuritiba.com.br\/2024\/#organization\",\"name\":\"Vagas de Curitiba\",\"url\":\"https:\/\/www.vagasdecuritiba.com.br\/2024\/\",\"logo\":{\"@type\":\"ImageObject\",\"inLanguage\":\"pt-BR\",\"@id\":\"https:\/\/www.vagasdecuritiba.com.br\/2024\/#\/schema\/logo\/image\/\",\"url\":\"https:\/\/i0.wp.com\/www.vagasdecuritiba.com.br\/wp-content\/uploads\/2022\/12\/vagas.jpg?fit=397%2C116&ssl=1\",\"contentUrl\":\"https:\/\/i0.wp.com\/www.vagasdecuritiba.com.br\/wp-content\/uploads\/2022\/12\/vagas.jpg?fit=397%2C116&ssl=1\",\"width\":397,\"height\":116,\"caption\":\"Vagas de Curitiba\"},\"image\":{\"@id\":\"https:\/\/www.vagasdecuritiba.com.br\/2024\/#\/schema\/logo\/image\/\"},\"sameAs\":[\"https:\/\/www.facebook.com\/vagacuritiba\/\"]},{\"@type\":\"Person\",\"@id\":\"https:\/\/www.vagasdecuritiba.com.br\/2024\/#\/schema\/person\/908fd43dc08e4e44b51918240a3124eb\",\"name\":\"divulgador\",\"image\":{\"@type\":\"ImageObject\",\"inLanguage\":\"pt-BR\",\"@id\":\"https:\/\/www.vagasdecuritiba.com.br\/2024\/#\/schema\/person\/image\/\",\"url\":\"https:\/\/secure.gravatar.com\/avatar\/aef22e3d07e6b994af40530ed9a297b2?s=96&d=mm&r=g\",\"contentUrl\":\"https:\/\/secure.gravatar.com\/avatar\/aef22e3d07e6b994af40530ed9a297b2?s=96&d=mm&r=g\",\"caption\":\"divulgador\"},\"url\":\"https:\/\/www.vagasdecuritiba.com.br\/2024\/author\/divulgador\/\"}]}<\/script>\n<!-- \/ Yoast SEO plugin. -->","yoast_head_json":{"title":"Vendedora - Vagas de Curitiba","robots":{"index":"index","follow":"follow","max-snippet":"max-snippet:-1","max-image-preview":"max-image-preview:large","max-video-preview":"max-video-preview:-1"},"canonical":"https:\/\/www.vagasdecuritiba.com.br\/2024\/vendedora-4\/","og_locale":"pt_BR","og_type":"article","og_title":"Vendedora - Vagas de Curitiba","og_description":"Vendedora (SHOPPING BARIGUI) Ensino m\u00e9dio completo Sexo feminino Necess\u00e1ria experi\u00eancia comprovada na \u00e1rea de vendas (desej\u00e1vel ter atuado como vendedor em lojas de shopping ou rua) Escala 6X1 de segunda \u00e1 sexta das17: 00 \u00e1s 23:00 nos s\u00e1bados das 14:00 \u00e1s 22:00 e domingos das 14:00 \u00e1s 20:00 Sal\u00e1rio 1083,00 comiss\u00e3o Benef\u00edcios VT+ VR 16,00...","og_url":"https:\/\/www.vagasdecuritiba.com.br\/2024\/vendedora-4\/","og_site_name":"Vagas de Curitiba","article_publisher":"https:\/\/www.facebook.com\/vagacuritiba\/","article_published_time":"2016-06-19T21:27:56+00:00","og_image":[{"width":600,"height":314,"url":"https:\/\/www.vagasdecuritiba.com.br\/2024\/wp-content\/uploads\/2023\/01\/2.jpg","type":"image\/jpeg"}],"author":"divulgador","twitter_card":"summary_large_image","twitter_misc":{"Escrito por":"divulgador"},"schema":{"@context":"https:\/\/schema.org","@graph":[{"@type":"Article","@id":"https:\/\/www.vagasdecuritiba.com.br\/2024\/vendedora-4\/#article","isPartOf":{"@id":"https:\/\/www.vagasdecuritiba.com.br\/2024\/vendedora-4\/"},"author":{"name":"divulgador","@id":"https:\/\/www.vagasdecuritiba.com.br\/2024\/#\/schema\/person\/908fd43dc08e4e44b51918240a3124eb"},"headline":"Vendedora","datePublished":"2016-06-19T21:27:56+00:00","dateModified":"2016-06-19T21:27:56+00:00","mainEntityOfPage":{"@id":"https:\/\/www.vagasdecuritiba.com.br\/2024\/vendedora-4\/"},"wordCount":64,"publisher":{"@id":"https:\/\/www.vagasdecuritiba.com.br\/2024\/#organization"},"image":{"@id":"https:\/\/www.vagasdecuritiba.com.br\/2024\/vendedora-4\/#primaryimage"},"thumbnailUrl":"https:\/\/www.vagasdecuritiba.com.br\/2024\/wp-content\/uploads\/2023\/01\/2.jpg","keywords":["emprego em Curitiba","oportunidades de emprego","vagas","vagas de emprego","vagas em Curitiba"],"articleSection":["Vagas"],"inLanguage":"pt-BR"},{"@type":"WebPage","@id":"https:\/\/www.vagasdecuritiba.com.br\/2024\/vendedora-4\/","url":"https:\/\/www.vagasdecuritiba.com.br\/2024\/vendedora-4\/","name":"Vendedora - Vagas de Curitiba","isPartOf":{"@id":"https:\/\/www.vagasdecuritiba.com.br\/2024\/#website"},"primaryImageOfPage":{"@id":"https:\/\/www.vagasdecuritiba.com.br\/2024\/vendedora-4\/#primaryimage"},"image":{"@id":"https:\/\/www.vagasdecuritiba.com.br\/2024\/vendedora-4\/#primaryimage"},"thumbnailUrl":"https:\/\/www.vagasdecuritiba.com.br\/2024\/wp-content\/uploads\/2023\/01\/2.jpg","datePublished":"2016-06-19T21:27:56+00:00","dateModified":"2016-06-19T21:27:56+00:00","breadcrumb":{"@id":"https:\/\/www.vagasdecuritiba.com.br\/2024\/vendedora-4\/#breadcrumb"},"inLanguage":"pt-BR","potentialAction":[{"@type":"ReadAction","target":["https:\/\/www.vagasdecuritiba.com.br\/2024\/vendedora-4\/"]}]},{"@type":"ImageObject","inLanguage":"pt-BR","@id":"https:\/\/www.vagasdecuritiba.com.br\/2024\/vendedora-4\/#primaryimage","url":"https:\/\/www.vagasdecuritiba.com.br\/2024\/wp-content\/uploads\/2023\/01\/2.jpg","contentUrl":"https:\/\/www.vagasdecuritiba.com.br\/2024\/wp-content\/uploads\/2023\/01\/2.jpg","width":600,"height":314},{"@type":"BreadcrumbList","@id":"https:\/\/www.vagasdecuritiba.com.br\/2024\/vendedora-4\/#breadcrumb","itemListElement":[{"@type":"ListItem","position":1,"name":"In\u00edcio","item":"https:\/\/www.vagasdecuritiba.com.br\/2024\/"},{"@type":"ListItem","position":2,"name":"Vendedora"}]},{"@type":"WebSite","@id":"https:\/\/www.vagasdecuritiba.com.br\/2024\/#website","url":"https:\/\/www.vagasdecuritiba.com.br\/2024\/","name":"Vagas de Curitiba","description":"Empregos e est\u00e1gios em Curitiba e Regi\u00e3o Metropolitana","publisher":{"@id":"https:\/\/www.vagasdecuritiba.com.br\/2024\/#organization"},"potentialAction":[{"@type":"SearchAction","target":{"@type":"EntryPoint","urlTemplate":"https:\/\/www.vagasdecuritiba.com.br\/2024\/?s={search_term_string}"},"query-input":{"@type":"PropertyValueSpecification","valueRequired":true,"valueName":"search_term_string"}}],"inLanguage":"pt-BR"},{"@type":"Organization","@id":"https:\/\/www.vagasdecuritiba.com.br\/2024\/#organization","name":"Vagas de Curitiba","url":"https:\/\/www.vagasdecuritiba.com.br\/2024\/","logo":{"@type":"ImageObject","inLanguage":"pt-BR","@id":"https:\/\/www.vagasdecuritiba.com.br\/2024\/#\/schema\/logo\/image\/","url":"https:\/\/i0.wp.com\/www.vagasdecuritiba.com.br\/wp-content\/uploads\/2022\/12\/vagas.jpg?fit=397%2C116&ssl=1","contentUrl":"https:\/\/i0.wp.com\/www.vagasdecuritiba.com.br\/wp-content\/uploads\/2022\/12\/vagas.jpg?fit=397%2C116&ssl=1","width":397,"height":116,"caption":"Vagas de Curitiba"},"image":{"@id":"https:\/\/www.vagasdecuritiba.com.br\/2024\/#\/schema\/logo\/image\/"},"sameAs":["https:\/\/www.facebook.com\/vagacuritiba\/"]},{"@type":"Person","@id":"https:\/\/www.vagasdecuritiba.com.br\/2024\/#\/schema\/person\/908fd43dc08e4e44b51918240a3124eb","name":"divulgador","image":{"@type":"ImageObject","inLanguage":"pt-BR","@id":"https:\/\/www.vagasdecuritiba.com.br\/2024\/#\/schema\/person\/image\/","url":"https:\/\/secure.gravatar.com\/avatar\/aef22e3d07e6b994af40530ed9a297b2?s=96&d=mm&r=g","contentUrl":"https:\/\/secure.gravatar.com\/avatar\/aef22e3d07e6b994af40530ed9a297b2?s=96&d=mm&r=g","caption":"divulgador"},"url":"https:\/\/www.vagasdecuritiba.com.br\/2024\/author\/divulgador\/"}]}},"_links":{"self":[{"href":"https:\/\/www.vagasdecuritiba.com.br\/2024\/wp-json\/wp\/v2\/posts\/276"}],"collection":[{"href":"https:\/\/www.vagasdecuritiba.com.br\/2024\/wp-json\/wp\/v2\/posts"}],"about":[{"href":"https:\/\/www.vagasdecuritiba.com.br\/2024\/wp-json\/wp\/v2\/types\/post"}],"author":[{"embeddable":true,"href":"https:\/\/www.vagasdecuritiba.com.br\/2024\/wp-json\/wp\/v2\/users\/1"}],"replies":[{"embeddable":true,"href":"https:\/\/www.vagasdecuritiba.com.br\/2024\/wp-json\/wp\/v2\/comments?post=276"}],"version-history":[{"count":1,"href":"https:\/\/www.vagasdecuritiba.com.br\/2024\/wp-json\/wp\/v2\/posts\/276\/revisions"}],"predecessor-version":[{"id":277,"href":"https:\/\/www.vagasdecuritiba.com.br\/2024\/wp-json\/wp\/v2\/posts\/276\/revisions\/277"}],"wp:featuredmedia":[{"embeddable":true,"href":"https:\/\/www.vagasdecuritiba.com.br\/2024\/wp-json\/wp\/v2\/media\/8851"}],"wp:attachment":[{"href":"https:\/\/www.vagasdecuritiba.com.br\/2024\/wp-json\/wp\/v2\/media?parent=276"}],"wp:term":[{"taxonomy":"category","embeddable":true,"href":"https:\/\/www.vagasdecuritiba.com.br\/2024\/wp-json\/wp\/v2\/categories?post=276"},{"taxonomy":"post_tag","embeddable":true,"href":"https:\/\/www.vagasdecuritiba.com.br\/2024\/wp-json\/wp\/v2\/tags?post=276"}],"curies":[{"name":"wp","href":"https:\/\/api.w.org\/{rel}","templated":true}]}}