{"id":314,"date":"2016-06-22T15:32:43","date_gmt":"2016-06-22T18:32:43","guid":{"rendered":"http:\/\/www.vagasdecuritiba.com.br\/?p=314"},"modified":"2016-06-22T15:32:43","modified_gmt":"2016-06-22T18:32:43","slug":"operador-de-producao","status":"publish","type":"post","link":"https:\/\/www.vagasdecuritiba.com.br\/2024\/operador-de-producao\/","title":{"rendered":"Operador de Produ\u00e7\u00e3o"},"content":{"rendered":"<p><strong>Operador de Produ\u00e7\u00e3o<\/strong><\/p>\n<p>Atribui\u00e7\u00f5es:<\/p>\n<p>Efetuar o enchimento, classificar, inspecionar e organizar o estoque de cilindros;<br \/>\nFazer testes nos cilindros;<br \/>\nAuxiliar na execu\u00e7\u00e3o do plano de manuten\u00e7\u00e3o preventiva;<br \/>\nAtender aos pedidos e solicita\u00e7\u00f5es, programados pela distribui\u00e7\u00e3o, faturamento e demais \u00e1reas envolvidas, conforme prazos e quantidades;<br \/>\nManter os equipamentos de an\u00e1lises calibrados e realizar as an\u00e1lises dos produtos;<br \/>\nPreencher e controlar os relat\u00f3rios de Produ\u00e7\u00e3o;<br \/>\nGerar etiquetas e registros para controle de lote;<br \/>\nRegistros e movimenta\u00e7\u00f5es nos sistemas utilizados, como por exemplo, SAP e Inlabel;<br \/>\nConferir os itens de seguran\u00e7a dos clientes e de seus caminh\u00f5es, incluindo peso bruto total;<br \/>\nOrganiza\u00e7\u00e3o e manuten\u00e7\u00e3o do ambiente de trabalho.<\/p>\n<p>Requisitos:<\/p>\n<p>Curso T\u00e9cnico em Mec\u00e2nica, El\u00e9trica ou Qu\u00edmica.<br \/>\nCertificado para operar empilhadeira.<br \/>\nNo\u00e7\u00f5es b\u00e1sicas em inform\u00e1tica.<\/p>\n<p>Jornada de Trabalho: De Segunda a Sexta Feira das 08:00 \u00e0s 18:00<\/p>\n<p>Sal\u00e1rio: A combinar<\/p>\n<p>Benef\u00edcios: A definir<\/p>\n<p>Hor\u00e1rio: 08:00 \u00e0s 18:00<\/p>\n<p>Enviar curr\u00edculo informando a vaga de interesse para<span class=\"Apple-converted-space\">\u00a0<\/span><a href=\"mailto:operadordeproducaocambe@hotmail.com\" target=\"_blank\">operadordeproducaocambe@hotmail.com<\/a><\/p>\n","protected":false},"excerpt":{"rendered":"<p>Operador de Produ\u00e7\u00e3o Atribui\u00e7\u00f5es: Efetuar o enchimento, classificar, inspecionar e organizar o estoque de cilindros; Fazer testes nos cilindros; Auxiliar na execu\u00e7\u00e3o do plano de manuten\u00e7\u00e3o preventiva; Atender aos pedidos e solicita\u00e7\u00f5es, programados pela distribui\u00e7\u00e3o, faturamento e demais \u00e1reas envolvidas, conforme prazos e quantidades; Manter os equipamentos de an\u00e1lises calibrados e realizar as an\u00e1lises dos&#8230;<\/p>\n","protected":false},"author":1,"featured_media":8854,"comment_status":"closed","ping_status":"open","sticky":false,"template":"","format":"standard","meta":{"footnotes":""},"categories":[2],"tags":[7,5,6,3,4],"yoast_head":"<!-- This site is optimized with the Yoast SEO plugin v23.4 - https:\/\/yoast.com\/wordpress\/plugins\/seo\/ -->\n<title>Operador de Produ\u00e7\u00e3o - Vagas de Curitiba<\/title>\n<meta name=\"robots\" content=\"index, follow, max-snippet:-1, max-image-preview:large, max-video-preview:-1\" \/>\n<link rel=\"canonical\" href=\"https:\/\/www.vagasdecuritiba.com.br\/2024\/operador-de-producao\/\" \/>\n<meta property=\"og:locale\" content=\"pt_BR\" \/>\n<meta property=\"og:type\" content=\"article\" \/>\n<meta property=\"og:title\" content=\"Operador de Produ\u00e7\u00e3o - Vagas de Curitiba\" \/>\n<meta property=\"og:description\" content=\"Operador de Produ\u00e7\u00e3o Atribui\u00e7\u00f5es: Efetuar o enchimento, classificar, inspecionar e organizar o estoque de cilindros; Fazer testes nos cilindros; Auxiliar na execu\u00e7\u00e3o do plano de manuten\u00e7\u00e3o preventiva; Atender aos pedidos e solicita\u00e7\u00f5es, programados pela distribui\u00e7\u00e3o, faturamento e demais \u00e1reas envolvidas, conforme prazos e quantidades; Manter os equipamentos de an\u00e1lises calibrados e realizar as an\u00e1lises dos...\" \/>\n<meta property=\"og:url\" content=\"https:\/\/www.vagasdecuritiba.com.br\/2024\/operador-de-producao\/\" \/>\n<meta property=\"og:site_name\" content=\"Vagas de Curitiba\" \/>\n<meta property=\"article:publisher\" content=\"https:\/\/www.facebook.com\/vagacuritiba\/\" \/>\n<meta property=\"article:published_time\" content=\"2016-06-22T18:32:43+00:00\" \/>\n<meta property=\"og:image\" content=\"https:\/\/www.vagasdecuritiba.com.br\/2024\/wp-content\/uploads\/2023\/01\/5.jpg\" \/>\n\t<meta property=\"og:image:width\" content=\"600\" \/>\n\t<meta property=\"og:image:height\" content=\"314\" \/>\n\t<meta property=\"og:image:type\" content=\"image\/jpeg\" \/>\n<meta name=\"author\" content=\"divulgador\" \/>\n<meta name=\"twitter:card\" content=\"summary_large_image\" \/>\n<meta name=\"twitter:label1\" content=\"Escrito por\" \/>\n\t<meta name=\"twitter:data1\" content=\"divulgador\" \/>\n\t<meta name=\"twitter:label2\" content=\"Est. tempo de leitura\" \/>\n\t<meta name=\"twitter:data2\" content=\"1 minuto\" \/>\n<script type=\"application\/ld+json\" class=\"yoast-schema-graph\">{\"@context\":\"https:\/\/schema.org\",\"@graph\":[{\"@type\":\"Article\",\"@id\":\"https:\/\/www.vagasdecuritiba.com.br\/2024\/operador-de-producao\/#article\",\"isPartOf\":{\"@id\":\"https:\/\/www.vagasdecuritiba.com.br\/2024\/operador-de-producao\/\"},\"author\":{\"name\":\"divulgador\",\"@id\":\"https:\/\/www.vagasdecuritiba.com.br\/2024\/#\/schema\/person\/908fd43dc08e4e44b51918240a3124eb\"},\"headline\":\"Operador de Produ\u00e7\u00e3o\",\"datePublished\":\"2016-06-22T18:32:43+00:00\",\"dateModified\":\"2016-06-22T18:32:43+00:00\",\"mainEntityOfPage\":{\"@id\":\"https:\/\/www.vagasdecuritiba.com.br\/2024\/operador-de-producao\/\"},\"wordCount\":180,\"publisher\":{\"@id\":\"https:\/\/www.vagasdecuritiba.com.br\/2024\/#organization\"},\"image\":{\"@id\":\"https:\/\/www.vagasdecuritiba.com.br\/2024\/operador-de-producao\/#primaryimage\"},\"thumbnailUrl\":\"https:\/\/www.vagasdecuritiba.com.br\/2024\/wp-content\/uploads\/2023\/01\/5.jpg\",\"keywords\":[\"emprego em Curitiba\",\"oportunidades de emprego\",\"vagas\",\"vagas de emprego\",\"vagas em Curitiba\"],\"articleSection\":[\"Vagas\"],\"inLanguage\":\"pt-BR\"},{\"@type\":\"WebPage\",\"@id\":\"https:\/\/www.vagasdecuritiba.com.br\/2024\/operador-de-producao\/\",\"url\":\"https:\/\/www.vagasdecuritiba.com.br\/2024\/operador-de-producao\/\",\"name\":\"Operador de Produ\u00e7\u00e3o - Vagas de Curitiba\",\"isPartOf\":{\"@id\":\"https:\/\/www.vagasdecuritiba.com.br\/2024\/#website\"},\"primaryImageOfPage\":{\"@id\":\"https:\/\/www.vagasdecuritiba.com.br\/2024\/operador-de-producao\/#primaryimage\"},\"image\":{\"@id\":\"https:\/\/www.vagasdecuritiba.com.br\/2024\/operador-de-producao\/#primaryimage\"},\"thumbnailUrl\":\"https:\/\/www.vagasdecuritiba.com.br\/2024\/wp-content\/uploads\/2023\/01\/5.jpg\",\"datePublished\":\"2016-06-22T18:32:43+00:00\",\"dateModified\":\"2016-06-22T18:32:43+00:00\",\"breadcrumb\":{\"@id\":\"https:\/\/www.vagasdecuritiba.com.br\/2024\/operador-de-producao\/#breadcrumb\"},\"inLanguage\":\"pt-BR\",\"potentialAction\":[{\"@type\":\"ReadAction\",\"target\":[\"https:\/\/www.vagasdecuritiba.com.br\/2024\/operador-de-producao\/\"]}]},{\"@type\":\"ImageObject\",\"inLanguage\":\"pt-BR\",\"@id\":\"https:\/\/www.vagasdecuritiba.com.br\/2024\/operador-de-producao\/#primaryimage\",\"url\":\"https:\/\/www.vagasdecuritiba.com.br\/2024\/wp-content\/uploads\/2023\/01\/5.jpg\",\"contentUrl\":\"https:\/\/www.vagasdecuritiba.com.br\/2024\/wp-content\/uploads\/2023\/01\/5.jpg\",\"width\":600,\"height\":314},{\"@type\":\"BreadcrumbList\",\"@id\":\"https:\/\/www.vagasdecuritiba.com.br\/2024\/operador-de-producao\/#breadcrumb\",\"itemListElement\":[{\"@type\":\"ListItem\",\"position\":1,\"name\":\"In\u00edcio\",\"item\":\"https:\/\/www.vagasdecuritiba.com.br\/2024\/\"},{\"@type\":\"ListItem\",\"position\":2,\"name\":\"Operador de Produ\u00e7\u00e3o\"}]},{\"@type\":\"WebSite\",\"@id\":\"https:\/\/www.vagasdecuritiba.com.br\/2024\/#website\",\"url\":\"https:\/\/www.vagasdecuritiba.com.br\/2024\/\",\"name\":\"Vagas de Curitiba\",\"description\":\"Empregos e est\u00e1gios em Curitiba e Regi\u00e3o Metropolitana\",\"publisher\":{\"@id\":\"https:\/\/www.vagasdecuritiba.com.br\/2024\/#organization\"},\"potentialAction\":[{\"@type\":\"SearchAction\",\"target\":{\"@type\":\"EntryPoint\",\"urlTemplate\":\"https:\/\/www.vagasdecuritiba.com.br\/2024\/?s={search_term_string}\"},\"query-input\":{\"@type\":\"PropertyValueSpecification\",\"valueRequired\":true,\"valueName\":\"search_term_string\"}}],\"inLanguage\":\"pt-BR\"},{\"@type\":\"Organization\",\"@id\":\"https:\/\/www.vagasdecuritiba.com.br\/2024\/#organization\",\"name\":\"Vagas de Curitiba\",\"url\":\"https:\/\/www.vagasdecuritiba.com.br\/2024\/\",\"logo\":{\"@type\":\"ImageObject\",\"inLanguage\":\"pt-BR\",\"@id\":\"https:\/\/www.vagasdecuritiba.com.br\/2024\/#\/schema\/logo\/image\/\",\"url\":\"https:\/\/i0.wp.com\/www.vagasdecuritiba.com.br\/wp-content\/uploads\/2022\/12\/vagas.jpg?fit=397%2C116&ssl=1\",\"contentUrl\":\"https:\/\/i0.wp.com\/www.vagasdecuritiba.com.br\/wp-content\/uploads\/2022\/12\/vagas.jpg?fit=397%2C116&ssl=1\",\"width\":397,\"height\":116,\"caption\":\"Vagas de Curitiba\"},\"image\":{\"@id\":\"https:\/\/www.vagasdecuritiba.com.br\/2024\/#\/schema\/logo\/image\/\"},\"sameAs\":[\"https:\/\/www.facebook.com\/vagacuritiba\/\"]},{\"@type\":\"Person\",\"@id\":\"https:\/\/www.vagasdecuritiba.com.br\/2024\/#\/schema\/person\/908fd43dc08e4e44b51918240a3124eb\",\"name\":\"divulgador\",\"image\":{\"@type\":\"ImageObject\",\"inLanguage\":\"pt-BR\",\"@id\":\"https:\/\/www.vagasdecuritiba.com.br\/2024\/#\/schema\/person\/image\/\",\"url\":\"https:\/\/secure.gravatar.com\/avatar\/aef22e3d07e6b994af40530ed9a297b2?s=96&d=mm&r=g\",\"contentUrl\":\"https:\/\/secure.gravatar.com\/avatar\/aef22e3d07e6b994af40530ed9a297b2?s=96&d=mm&r=g\",\"caption\":\"divulgador\"},\"url\":\"https:\/\/www.vagasdecuritiba.com.br\/2024\/author\/divulgador\/\"}]}<\/script>\n<!-- \/ Yoast SEO plugin. -->","yoast_head_json":{"title":"Operador de Produ\u00e7\u00e3o - Vagas de Curitiba","robots":{"index":"index","follow":"follow","max-snippet":"max-snippet:-1","max-image-preview":"max-image-preview:large","max-video-preview":"max-video-preview:-1"},"canonical":"https:\/\/www.vagasdecuritiba.com.br\/2024\/operador-de-producao\/","og_locale":"pt_BR","og_type":"article","og_title":"Operador de Produ\u00e7\u00e3o - Vagas de Curitiba","og_description":"Operador de Produ\u00e7\u00e3o Atribui\u00e7\u00f5es: Efetuar o enchimento, classificar, inspecionar e organizar o estoque de cilindros; Fazer testes nos cilindros; Auxiliar na execu\u00e7\u00e3o do plano de manuten\u00e7\u00e3o preventiva; Atender aos pedidos e solicita\u00e7\u00f5es, programados pela distribui\u00e7\u00e3o, faturamento e demais \u00e1reas envolvidas, conforme prazos e quantidades; Manter os equipamentos de an\u00e1lises calibrados e realizar as an\u00e1lises dos...","og_url":"https:\/\/www.vagasdecuritiba.com.br\/2024\/operador-de-producao\/","og_site_name":"Vagas de Curitiba","article_publisher":"https:\/\/www.facebook.com\/vagacuritiba\/","article_published_time":"2016-06-22T18:32:43+00:00","og_image":[{"width":600,"height":314,"url":"https:\/\/www.vagasdecuritiba.com.br\/2024\/wp-content\/uploads\/2023\/01\/5.jpg","type":"image\/jpeg"}],"author":"divulgador","twitter_card":"summary_large_image","twitter_misc":{"Escrito por":"divulgador","Est. tempo de leitura":"1 minuto"},"schema":{"@context":"https:\/\/schema.org","@graph":[{"@type":"Article","@id":"https:\/\/www.vagasdecuritiba.com.br\/2024\/operador-de-producao\/#article","isPartOf":{"@id":"https:\/\/www.vagasdecuritiba.com.br\/2024\/operador-de-producao\/"},"author":{"name":"divulgador","@id":"https:\/\/www.vagasdecuritiba.com.br\/2024\/#\/schema\/person\/908fd43dc08e4e44b51918240a3124eb"},"headline":"Operador de Produ\u00e7\u00e3o","datePublished":"2016-06-22T18:32:43+00:00","dateModified":"2016-06-22T18:32:43+00:00","mainEntityOfPage":{"@id":"https:\/\/www.vagasdecuritiba.com.br\/2024\/operador-de-producao\/"},"wordCount":180,"publisher":{"@id":"https:\/\/www.vagasdecuritiba.com.br\/2024\/#organization"},"image":{"@id":"https:\/\/www.vagasdecuritiba.com.br\/2024\/operador-de-producao\/#primaryimage"},"thumbnailUrl":"https:\/\/www.vagasdecuritiba.com.br\/2024\/wp-content\/uploads\/2023\/01\/5.jpg","keywords":["emprego em Curitiba","oportunidades de emprego","vagas","vagas de emprego","vagas em Curitiba"],"articleSection":["Vagas"],"inLanguage":"pt-BR"},{"@type":"WebPage","@id":"https:\/\/www.vagasdecuritiba.com.br\/2024\/operador-de-producao\/","url":"https:\/\/www.vagasdecuritiba.com.br\/2024\/operador-de-producao\/","name":"Operador de Produ\u00e7\u00e3o - Vagas de Curitiba","isPartOf":{"@id":"https:\/\/www.vagasdecuritiba.com.br\/2024\/#website"},"primaryImageOfPage":{"@id":"https:\/\/www.vagasdecuritiba.com.br\/2024\/operador-de-producao\/#primaryimage"},"image":{"@id":"https:\/\/www.vagasdecuritiba.com.br\/2024\/operador-de-producao\/#primaryimage"},"thumbnailUrl":"https:\/\/www.vagasdecuritiba.com.br\/2024\/wp-content\/uploads\/2023\/01\/5.jpg","datePublished":"2016-06-22T18:32:43+00:00","dateModified":"2016-06-22T18:32:43+00:00","breadcrumb":{"@id":"https:\/\/www.vagasdecuritiba.com.br\/2024\/operador-de-producao\/#breadcrumb"},"inLanguage":"pt-BR","potentialAction":[{"@type":"ReadAction","target":["https:\/\/www.vagasdecuritiba.com.br\/2024\/operador-de-producao\/"]}]},{"@type":"ImageObject","inLanguage":"pt-BR","@id":"https:\/\/www.vagasdecuritiba.com.br\/2024\/operador-de-producao\/#primaryimage","url":"https:\/\/www.vagasdecuritiba.com.br\/2024\/wp-content\/uploads\/2023\/01\/5.jpg","contentUrl":"https:\/\/www.vagasdecuritiba.com.br\/2024\/wp-content\/uploads\/2023\/01\/5.jpg","width":600,"height":314},{"@type":"BreadcrumbList","@id":"https:\/\/www.vagasdecuritiba.com.br\/2024\/operador-de-producao\/#breadcrumb","itemListElement":[{"@type":"ListItem","position":1,"name":"In\u00edcio","item":"https:\/\/www.vagasdecuritiba.com.br\/2024\/"},{"@type":"ListItem","position":2,"name":"Operador de Produ\u00e7\u00e3o"}]},{"@type":"WebSite","@id":"https:\/\/www.vagasdecuritiba.com.br\/2024\/#website","url":"https:\/\/www.vagasdecuritiba.com.br\/2024\/","name":"Vagas de Curitiba","description":"Empregos e est\u00e1gios em Curitiba e Regi\u00e3o Metropolitana","publisher":{"@id":"https:\/\/www.vagasdecuritiba.com.br\/2024\/#organization"},"potentialAction":[{"@type":"SearchAction","target":{"@type":"EntryPoint","urlTemplate":"https:\/\/www.vagasdecuritiba.com.br\/2024\/?s={search_term_string}"},"query-input":{"@type":"PropertyValueSpecification","valueRequired":true,"valueName":"search_term_string"}}],"inLanguage":"pt-BR"},{"@type":"Organization","@id":"https:\/\/www.vagasdecuritiba.com.br\/2024\/#organization","name":"Vagas de Curitiba","url":"https:\/\/www.vagasdecuritiba.com.br\/2024\/","logo":{"@type":"ImageObject","inLanguage":"pt-BR","@id":"https:\/\/www.vagasdecuritiba.com.br\/2024\/#\/schema\/logo\/image\/","url":"https:\/\/i0.wp.com\/www.vagasdecuritiba.com.br\/wp-content\/uploads\/2022\/12\/vagas.jpg?fit=397%2C116&ssl=1","contentUrl":"https:\/\/i0.wp.com\/www.vagasdecuritiba.com.br\/wp-content\/uploads\/2022\/12\/vagas.jpg?fit=397%2C116&ssl=1","width":397,"height":116,"caption":"Vagas de Curitiba"},"image":{"@id":"https:\/\/www.vagasdecuritiba.com.br\/2024\/#\/schema\/logo\/image\/"},"sameAs":["https:\/\/www.facebook.com\/vagacuritiba\/"]},{"@type":"Person","@id":"https:\/\/www.vagasdecuritiba.com.br\/2024\/#\/schema\/person\/908fd43dc08e4e44b51918240a3124eb","name":"divulgador","image":{"@type":"ImageObject","inLanguage":"pt-BR","@id":"https:\/\/www.vagasdecuritiba.com.br\/2024\/#\/schema\/person\/image\/","url":"https:\/\/secure.gravatar.com\/avatar\/aef22e3d07e6b994af40530ed9a297b2?s=96&d=mm&r=g","contentUrl":"https:\/\/secure.gravatar.com\/avatar\/aef22e3d07e6b994af40530ed9a297b2?s=96&d=mm&r=g","caption":"divulgador"},"url":"https:\/\/www.vagasdecuritiba.com.br\/2024\/author\/divulgador\/"}]}},"_links":{"self":[{"href":"https:\/\/www.vagasdecuritiba.com.br\/2024\/wp-json\/wp\/v2\/posts\/314"}],"collection":[{"href":"https:\/\/www.vagasdecuritiba.com.br\/2024\/wp-json\/wp\/v2\/posts"}],"about":[{"href":"https:\/\/www.vagasdecuritiba.com.br\/2024\/wp-json\/wp\/v2\/types\/post"}],"author":[{"embeddable":true,"href":"https:\/\/www.vagasdecuritiba.com.br\/2024\/wp-json\/wp\/v2\/users\/1"}],"replies":[{"embeddable":true,"href":"https:\/\/www.vagasdecuritiba.com.br\/2024\/wp-json\/wp\/v2\/comments?post=314"}],"version-history":[{"count":1,"href":"https:\/\/www.vagasdecuritiba.com.br\/2024\/wp-json\/wp\/v2\/posts\/314\/revisions"}],"predecessor-version":[{"id":315,"href":"https:\/\/www.vagasdecuritiba.com.br\/2024\/wp-json\/wp\/v2\/posts\/314\/revisions\/315"}],"wp:featuredmedia":[{"embeddable":true,"href":"https:\/\/www.vagasdecuritiba.com.br\/2024\/wp-json\/wp\/v2\/media\/8854"}],"wp:attachment":[{"href":"https:\/\/www.vagasdecuritiba.com.br\/2024\/wp-json\/wp\/v2\/media?parent=314"}],"wp:term":[{"taxonomy":"category","embeddable":true,"href":"https:\/\/www.vagasdecuritiba.com.br\/2024\/wp-json\/wp\/v2\/categories?post=314"},{"taxonomy":"post_tag","embeddable":true,"href":"https:\/\/www.vagasdecuritiba.com.br\/2024\/wp-json\/wp\/v2\/tags?post=314"}],"curies":[{"name":"wp","href":"https:\/\/api.w.org\/{rel}","templated":true}]}}