{"id":317,"date":"2016-06-22T15:36:18","date_gmt":"2016-06-22T18:36:18","guid":{"rendered":"http:\/\/www.vagasdecuritiba.com.br\/?p=317"},"modified":"2016-06-22T15:37:03","modified_gmt":"2016-06-22T18:37:03","slug":"auxiliar-administrativo-4","status":"publish","type":"post","link":"https:\/\/www.vagasdecuritiba.com.br\/2024\/auxiliar-administrativo-4\/","title":{"rendered":"Auxiliar Administrativo"},"content":{"rendered":"<p><strong>Auxiliar Administrativo<\/strong><\/p>\n<p>Ir\u00e1 auxiliar em todo o processo administrativo\/financeiro<span class=\"Apple-converted-space\">\u00a0<\/span><br \/>\nSuporte ao setor de RH, aux\u00edlio no setor de log\u00edstica<span class=\"Apple-converted-space\">\u00a0<\/span><br \/>\nSuporte ao setor comercial<span class=\"Apple-converted-space\">\u00a0<\/span><br \/>\nRecep\u00e7\u00e3o de clientes e fornecedores<span class=\"Apple-converted-space\">\u00a0<\/span><br \/>\nRateio de liga\u00e7\u00f5es<\/p>\n<p>Requisitos:<\/p>\n<p>Necess\u00e1rio experi\u00eancia comprovada no setor administrativo.<span class=\"Apple-converted-space\">\u00a0<\/span><br \/>\nComprometimento, criatividade, disciplina, versatilidade, vis\u00e3o inovadora e assiduidade<span class=\"Apple-converted-space\">\u00a0<\/span><br \/>\nEspirito de equipe e lideran\u00e7a e aten\u00e7\u00e3o<\/p>\n<p>Sal\u00e1rio de R$ 1.100,00<\/p>\n<p>Enviar curr\u00edculos para<span class=\"Apple-converted-space\">\u00a0<\/span><a href=\"mailto:cv2@fibradistribuidora.com.br\" target=\"_blank\">cv2@fibradistribuidora.com.br<\/a><span class=\"Apple-converted-space\">\u00a0<\/span>informar no assunto do e-mail a vaga pretendida<\/p>\n","protected":false},"excerpt":{"rendered":"<p>Auxiliar Administrativo Ir\u00e1 auxiliar em todo o processo administrativo\/financeiro\u00a0 Suporte ao setor de RH, aux\u00edlio no setor de log\u00edstica\u00a0 Suporte ao setor comercial\u00a0 Recep\u00e7\u00e3o de clientes e fornecedores\u00a0 Rateio de liga\u00e7\u00f5es Requisitos: Necess\u00e1rio experi\u00eancia comprovada no setor administrativo.\u00a0 Comprometimento, criatividade, disciplina, versatilidade, vis\u00e3o inovadora e assiduidade\u00a0 Espirito de equipe e lideran\u00e7a e aten\u00e7\u00e3o Sal\u00e1rio de&#8230;<\/p>\n","protected":false},"author":1,"featured_media":8850,"comment_status":"closed","ping_status":"open","sticky":false,"template":"","format":"standard","meta":{"footnotes":""},"categories":[2],"tags":[7,5,6,3,4],"yoast_head":"<!-- This site is optimized with the Yoast SEO plugin v23.4 - https:\/\/yoast.com\/wordpress\/plugins\/seo\/ -->\n<title>Auxiliar Administrativo - Vagas de Curitiba<\/title>\n<meta name=\"robots\" content=\"index, follow, max-snippet:-1, max-image-preview:large, max-video-preview:-1\" \/>\n<link rel=\"canonical\" href=\"https:\/\/www.vagasdecuritiba.com.br\/2024\/auxiliar-administrativo-4\/\" \/>\n<meta property=\"og:locale\" content=\"pt_BR\" \/>\n<meta property=\"og:type\" content=\"article\" \/>\n<meta property=\"og:title\" content=\"Auxiliar Administrativo - Vagas de Curitiba\" \/>\n<meta property=\"og:description\" content=\"Auxiliar Administrativo Ir\u00e1 auxiliar em todo o processo administrativo\/financeiro\u00a0 Suporte ao setor de RH, aux\u00edlio no setor de log\u00edstica\u00a0 Suporte ao setor comercial\u00a0 Recep\u00e7\u00e3o de clientes e fornecedores\u00a0 Rateio de liga\u00e7\u00f5es Requisitos: Necess\u00e1rio experi\u00eancia comprovada no setor administrativo.\u00a0 Comprometimento, criatividade, disciplina, versatilidade, vis\u00e3o inovadora e assiduidade\u00a0 Espirito de equipe e lideran\u00e7a e aten\u00e7\u00e3o Sal\u00e1rio de...\" \/>\n<meta property=\"og:url\" content=\"https:\/\/www.vagasdecuritiba.com.br\/2024\/auxiliar-administrativo-4\/\" \/>\n<meta property=\"og:site_name\" content=\"Vagas de Curitiba\" \/>\n<meta property=\"article:publisher\" content=\"https:\/\/www.facebook.com\/vagacuritiba\/\" \/>\n<meta property=\"article:published_time\" content=\"2016-06-22T18:36:18+00:00\" \/>\n<meta property=\"article:modified_time\" content=\"2016-06-22T18:37:03+00:00\" \/>\n<meta property=\"og:image\" content=\"https:\/\/www.vagasdecuritiba.com.br\/2024\/wp-content\/uploads\/2023\/01\/1.jpg\" \/>\n\t<meta property=\"og:image:width\" content=\"600\" \/>\n\t<meta property=\"og:image:height\" content=\"314\" \/>\n\t<meta property=\"og:image:type\" content=\"image\/jpeg\" \/>\n<meta name=\"author\" content=\"divulgador\" \/>\n<meta name=\"twitter:card\" content=\"summary_large_image\" \/>\n<meta name=\"twitter:label1\" content=\"Escrito por\" \/>\n\t<meta name=\"twitter:data1\" content=\"divulgador\" \/>\n<script type=\"application\/ld+json\" class=\"yoast-schema-graph\">{\"@context\":\"https:\/\/schema.org\",\"@graph\":[{\"@type\":\"Article\",\"@id\":\"https:\/\/www.vagasdecuritiba.com.br\/2024\/auxiliar-administrativo-4\/#article\",\"isPartOf\":{\"@id\":\"https:\/\/www.vagasdecuritiba.com.br\/2024\/auxiliar-administrativo-4\/\"},\"author\":{\"name\":\"divulgador\",\"@id\":\"https:\/\/www.vagasdecuritiba.com.br\/2024\/#\/schema\/person\/908fd43dc08e4e44b51918240a3124eb\"},\"headline\":\"Auxiliar Administrativo\",\"datePublished\":\"2016-06-22T18:36:18+00:00\",\"dateModified\":\"2016-06-22T18:37:03+00:00\",\"mainEntityOfPage\":{\"@id\":\"https:\/\/www.vagasdecuritiba.com.br\/2024\/auxiliar-administrativo-4\/\"},\"wordCount\":85,\"publisher\":{\"@id\":\"https:\/\/www.vagasdecuritiba.com.br\/2024\/#organization\"},\"image\":{\"@id\":\"https:\/\/www.vagasdecuritiba.com.br\/2024\/auxiliar-administrativo-4\/#primaryimage\"},\"thumbnailUrl\":\"https:\/\/www.vagasdecuritiba.com.br\/2024\/wp-content\/uploads\/2023\/01\/1.jpg\",\"keywords\":[\"emprego em Curitiba\",\"oportunidades de emprego\",\"vagas\",\"vagas de emprego\",\"vagas em Curitiba\"],\"articleSection\":[\"Vagas\"],\"inLanguage\":\"pt-BR\"},{\"@type\":\"WebPage\",\"@id\":\"https:\/\/www.vagasdecuritiba.com.br\/2024\/auxiliar-administrativo-4\/\",\"url\":\"https:\/\/www.vagasdecuritiba.com.br\/2024\/auxiliar-administrativo-4\/\",\"name\":\"Auxiliar Administrativo - Vagas de Curitiba\",\"isPartOf\":{\"@id\":\"https:\/\/www.vagasdecuritiba.com.br\/2024\/#website\"},\"primaryImageOfPage\":{\"@id\":\"https:\/\/www.vagasdecuritiba.com.br\/2024\/auxiliar-administrativo-4\/#primaryimage\"},\"image\":{\"@id\":\"https:\/\/www.vagasdecuritiba.com.br\/2024\/auxiliar-administrativo-4\/#primaryimage\"},\"thumbnailUrl\":\"https:\/\/www.vagasdecuritiba.com.br\/2024\/wp-content\/uploads\/2023\/01\/1.jpg\",\"datePublished\":\"2016-06-22T18:36:18+00:00\",\"dateModified\":\"2016-06-22T18:37:03+00:00\",\"breadcrumb\":{\"@id\":\"https:\/\/www.vagasdecuritiba.com.br\/2024\/auxiliar-administrativo-4\/#breadcrumb\"},\"inLanguage\":\"pt-BR\",\"potentialAction\":[{\"@type\":\"ReadAction\",\"target\":[\"https:\/\/www.vagasdecuritiba.com.br\/2024\/auxiliar-administrativo-4\/\"]}]},{\"@type\":\"ImageObject\",\"inLanguage\":\"pt-BR\",\"@id\":\"https:\/\/www.vagasdecuritiba.com.br\/2024\/auxiliar-administrativo-4\/#primaryimage\",\"url\":\"https:\/\/www.vagasdecuritiba.com.br\/2024\/wp-content\/uploads\/2023\/01\/1.jpg\",\"contentUrl\":\"https:\/\/www.vagasdecuritiba.com.br\/2024\/wp-content\/uploads\/2023\/01\/1.jpg\",\"width\":600,\"height\":314},{\"@type\":\"BreadcrumbList\",\"@id\":\"https:\/\/www.vagasdecuritiba.com.br\/2024\/auxiliar-administrativo-4\/#breadcrumb\",\"itemListElement\":[{\"@type\":\"ListItem\",\"position\":1,\"name\":\"In\u00edcio\",\"item\":\"https:\/\/www.vagasdecuritiba.com.br\/2024\/\"},{\"@type\":\"ListItem\",\"position\":2,\"name\":\"Auxiliar Administrativo\"}]},{\"@type\":\"WebSite\",\"@id\":\"https:\/\/www.vagasdecuritiba.com.br\/2024\/#website\",\"url\":\"https:\/\/www.vagasdecuritiba.com.br\/2024\/\",\"name\":\"Vagas de Curitiba\",\"description\":\"Empregos e est\u00e1gios em Curitiba e Regi\u00e3o Metropolitana\",\"publisher\":{\"@id\":\"https:\/\/www.vagasdecuritiba.com.br\/2024\/#organization\"},\"potentialAction\":[{\"@type\":\"SearchAction\",\"target\":{\"@type\":\"EntryPoint\",\"urlTemplate\":\"https:\/\/www.vagasdecuritiba.com.br\/2024\/?s={search_term_string}\"},\"query-input\":{\"@type\":\"PropertyValueSpecification\",\"valueRequired\":true,\"valueName\":\"search_term_string\"}}],\"inLanguage\":\"pt-BR\"},{\"@type\":\"Organization\",\"@id\":\"https:\/\/www.vagasdecuritiba.com.br\/2024\/#organization\",\"name\":\"Vagas de Curitiba\",\"url\":\"https:\/\/www.vagasdecuritiba.com.br\/2024\/\",\"logo\":{\"@type\":\"ImageObject\",\"inLanguage\":\"pt-BR\",\"@id\":\"https:\/\/www.vagasdecuritiba.com.br\/2024\/#\/schema\/logo\/image\/\",\"url\":\"https:\/\/i0.wp.com\/www.vagasdecuritiba.com.br\/wp-content\/uploads\/2022\/12\/vagas.jpg?fit=397%2C116&ssl=1\",\"contentUrl\":\"https:\/\/i0.wp.com\/www.vagasdecuritiba.com.br\/wp-content\/uploads\/2022\/12\/vagas.jpg?fit=397%2C116&ssl=1\",\"width\":397,\"height\":116,\"caption\":\"Vagas de Curitiba\"},\"image\":{\"@id\":\"https:\/\/www.vagasdecuritiba.com.br\/2024\/#\/schema\/logo\/image\/\"},\"sameAs\":[\"https:\/\/www.facebook.com\/vagacuritiba\/\"]},{\"@type\":\"Person\",\"@id\":\"https:\/\/www.vagasdecuritiba.com.br\/2024\/#\/schema\/person\/908fd43dc08e4e44b51918240a3124eb\",\"name\":\"divulgador\",\"image\":{\"@type\":\"ImageObject\",\"inLanguage\":\"pt-BR\",\"@id\":\"https:\/\/www.vagasdecuritiba.com.br\/2024\/#\/schema\/person\/image\/\",\"url\":\"https:\/\/secure.gravatar.com\/avatar\/aef22e3d07e6b994af40530ed9a297b2?s=96&d=mm&r=g\",\"contentUrl\":\"https:\/\/secure.gravatar.com\/avatar\/aef22e3d07e6b994af40530ed9a297b2?s=96&d=mm&r=g\",\"caption\":\"divulgador\"},\"url\":\"https:\/\/www.vagasdecuritiba.com.br\/2024\/author\/divulgador\/\"}]}<\/script>\n<!-- \/ Yoast SEO plugin. -->","yoast_head_json":{"title":"Auxiliar Administrativo - Vagas de Curitiba","robots":{"index":"index","follow":"follow","max-snippet":"max-snippet:-1","max-image-preview":"max-image-preview:large","max-video-preview":"max-video-preview:-1"},"canonical":"https:\/\/www.vagasdecuritiba.com.br\/2024\/auxiliar-administrativo-4\/","og_locale":"pt_BR","og_type":"article","og_title":"Auxiliar Administrativo - Vagas de Curitiba","og_description":"Auxiliar Administrativo Ir\u00e1 auxiliar em todo o processo administrativo\/financeiro\u00a0 Suporte ao setor de RH, aux\u00edlio no setor de log\u00edstica\u00a0 Suporte ao setor comercial\u00a0 Recep\u00e7\u00e3o de clientes e fornecedores\u00a0 Rateio de liga\u00e7\u00f5es Requisitos: Necess\u00e1rio experi\u00eancia comprovada no setor administrativo.\u00a0 Comprometimento, criatividade, disciplina, versatilidade, vis\u00e3o inovadora e assiduidade\u00a0 Espirito de equipe e lideran\u00e7a e aten\u00e7\u00e3o Sal\u00e1rio de...","og_url":"https:\/\/www.vagasdecuritiba.com.br\/2024\/auxiliar-administrativo-4\/","og_site_name":"Vagas de Curitiba","article_publisher":"https:\/\/www.facebook.com\/vagacuritiba\/","article_published_time":"2016-06-22T18:36:18+00:00","article_modified_time":"2016-06-22T18:37:03+00:00","og_image":[{"width":600,"height":314,"url":"https:\/\/www.vagasdecuritiba.com.br\/2024\/wp-content\/uploads\/2023\/01\/1.jpg","type":"image\/jpeg"}],"author":"divulgador","twitter_card":"summary_large_image","twitter_misc":{"Escrito por":"divulgador"},"schema":{"@context":"https:\/\/schema.org","@graph":[{"@type":"Article","@id":"https:\/\/www.vagasdecuritiba.com.br\/2024\/auxiliar-administrativo-4\/#article","isPartOf":{"@id":"https:\/\/www.vagasdecuritiba.com.br\/2024\/auxiliar-administrativo-4\/"},"author":{"name":"divulgador","@id":"https:\/\/www.vagasdecuritiba.com.br\/2024\/#\/schema\/person\/908fd43dc08e4e44b51918240a3124eb"},"headline":"Auxiliar Administrativo","datePublished":"2016-06-22T18:36:18+00:00","dateModified":"2016-06-22T18:37:03+00:00","mainEntityOfPage":{"@id":"https:\/\/www.vagasdecuritiba.com.br\/2024\/auxiliar-administrativo-4\/"},"wordCount":85,"publisher":{"@id":"https:\/\/www.vagasdecuritiba.com.br\/2024\/#organization"},"image":{"@id":"https:\/\/www.vagasdecuritiba.com.br\/2024\/auxiliar-administrativo-4\/#primaryimage"},"thumbnailUrl":"https:\/\/www.vagasdecuritiba.com.br\/2024\/wp-content\/uploads\/2023\/01\/1.jpg","keywords":["emprego em Curitiba","oportunidades de emprego","vagas","vagas de emprego","vagas em Curitiba"],"articleSection":["Vagas"],"inLanguage":"pt-BR"},{"@type":"WebPage","@id":"https:\/\/www.vagasdecuritiba.com.br\/2024\/auxiliar-administrativo-4\/","url":"https:\/\/www.vagasdecuritiba.com.br\/2024\/auxiliar-administrativo-4\/","name":"Auxiliar Administrativo - Vagas de Curitiba","isPartOf":{"@id":"https:\/\/www.vagasdecuritiba.com.br\/2024\/#website"},"primaryImageOfPage":{"@id":"https:\/\/www.vagasdecuritiba.com.br\/2024\/auxiliar-administrativo-4\/#primaryimage"},"image":{"@id":"https:\/\/www.vagasdecuritiba.com.br\/2024\/auxiliar-administrativo-4\/#primaryimage"},"thumbnailUrl":"https:\/\/www.vagasdecuritiba.com.br\/2024\/wp-content\/uploads\/2023\/01\/1.jpg","datePublished":"2016-06-22T18:36:18+00:00","dateModified":"2016-06-22T18:37:03+00:00","breadcrumb":{"@id":"https:\/\/www.vagasdecuritiba.com.br\/2024\/auxiliar-administrativo-4\/#breadcrumb"},"inLanguage":"pt-BR","potentialAction":[{"@type":"ReadAction","target":["https:\/\/www.vagasdecuritiba.com.br\/2024\/auxiliar-administrativo-4\/"]}]},{"@type":"ImageObject","inLanguage":"pt-BR","@id":"https:\/\/www.vagasdecuritiba.com.br\/2024\/auxiliar-administrativo-4\/#primaryimage","url":"https:\/\/www.vagasdecuritiba.com.br\/2024\/wp-content\/uploads\/2023\/01\/1.jpg","contentUrl":"https:\/\/www.vagasdecuritiba.com.br\/2024\/wp-content\/uploads\/2023\/01\/1.jpg","width":600,"height":314},{"@type":"BreadcrumbList","@id":"https:\/\/www.vagasdecuritiba.com.br\/2024\/auxiliar-administrativo-4\/#breadcrumb","itemListElement":[{"@type":"ListItem","position":1,"name":"In\u00edcio","item":"https:\/\/www.vagasdecuritiba.com.br\/2024\/"},{"@type":"ListItem","position":2,"name":"Auxiliar Administrativo"}]},{"@type":"WebSite","@id":"https:\/\/www.vagasdecuritiba.com.br\/2024\/#website","url":"https:\/\/www.vagasdecuritiba.com.br\/2024\/","name":"Vagas de Curitiba","description":"Empregos e est\u00e1gios em Curitiba e Regi\u00e3o Metropolitana","publisher":{"@id":"https:\/\/www.vagasdecuritiba.com.br\/2024\/#organization"},"potentialAction":[{"@type":"SearchAction","target":{"@type":"EntryPoint","urlTemplate":"https:\/\/www.vagasdecuritiba.com.br\/2024\/?s={search_term_string}"},"query-input":{"@type":"PropertyValueSpecification","valueRequired":true,"valueName":"search_term_string"}}],"inLanguage":"pt-BR"},{"@type":"Organization","@id":"https:\/\/www.vagasdecuritiba.com.br\/2024\/#organization","name":"Vagas de Curitiba","url":"https:\/\/www.vagasdecuritiba.com.br\/2024\/","logo":{"@type":"ImageObject","inLanguage":"pt-BR","@id":"https:\/\/www.vagasdecuritiba.com.br\/2024\/#\/schema\/logo\/image\/","url":"https:\/\/i0.wp.com\/www.vagasdecuritiba.com.br\/wp-content\/uploads\/2022\/12\/vagas.jpg?fit=397%2C116&ssl=1","contentUrl":"https:\/\/i0.wp.com\/www.vagasdecuritiba.com.br\/wp-content\/uploads\/2022\/12\/vagas.jpg?fit=397%2C116&ssl=1","width":397,"height":116,"caption":"Vagas de Curitiba"},"image":{"@id":"https:\/\/www.vagasdecuritiba.com.br\/2024\/#\/schema\/logo\/image\/"},"sameAs":["https:\/\/www.facebook.com\/vagacuritiba\/"]},{"@type":"Person","@id":"https:\/\/www.vagasdecuritiba.com.br\/2024\/#\/schema\/person\/908fd43dc08e4e44b51918240a3124eb","name":"divulgador","image":{"@type":"ImageObject","inLanguage":"pt-BR","@id":"https:\/\/www.vagasdecuritiba.com.br\/2024\/#\/schema\/person\/image\/","url":"https:\/\/secure.gravatar.com\/avatar\/aef22e3d07e6b994af40530ed9a297b2?s=96&d=mm&r=g","contentUrl":"https:\/\/secure.gravatar.com\/avatar\/aef22e3d07e6b994af40530ed9a297b2?s=96&d=mm&r=g","caption":"divulgador"},"url":"https:\/\/www.vagasdecuritiba.com.br\/2024\/author\/divulgador\/"}]}},"_links":{"self":[{"href":"https:\/\/www.vagasdecuritiba.com.br\/2024\/wp-json\/wp\/v2\/posts\/317"}],"collection":[{"href":"https:\/\/www.vagasdecuritiba.com.br\/2024\/wp-json\/wp\/v2\/posts"}],"about":[{"href":"https:\/\/www.vagasdecuritiba.com.br\/2024\/wp-json\/wp\/v2\/types\/post"}],"author":[{"embeddable":true,"href":"https:\/\/www.vagasdecuritiba.com.br\/2024\/wp-json\/wp\/v2\/users\/1"}],"replies":[{"embeddable":true,"href":"https:\/\/www.vagasdecuritiba.com.br\/2024\/wp-json\/wp\/v2\/comments?post=317"}],"version-history":[{"count":1,"href":"https:\/\/www.vagasdecuritiba.com.br\/2024\/wp-json\/wp\/v2\/posts\/317\/revisions"}],"predecessor-version":[{"id":318,"href":"https:\/\/www.vagasdecuritiba.com.br\/2024\/wp-json\/wp\/v2\/posts\/317\/revisions\/318"}],"wp:featuredmedia":[{"embeddable":true,"href":"https:\/\/www.vagasdecuritiba.com.br\/2024\/wp-json\/wp\/v2\/media\/8850"}],"wp:attachment":[{"href":"https:\/\/www.vagasdecuritiba.com.br\/2024\/wp-json\/wp\/v2\/media?parent=317"}],"wp:term":[{"taxonomy":"category","embeddable":true,"href":"https:\/\/www.vagasdecuritiba.com.br\/2024\/wp-json\/wp\/v2\/categories?post=317"},{"taxonomy":"post_tag","embeddable":true,"href":"https:\/\/www.vagasdecuritiba.com.br\/2024\/wp-json\/wp\/v2\/tags?post=317"}],"curies":[{"name":"wp","href":"https:\/\/api.w.org\/{rel}","templated":true}]}}