{"id":3350,"date":"2018-01-07T23:34:54","date_gmt":"2018-01-08T01:34:54","guid":{"rendered":"http:\/\/www.vagasdecuritiba.com.br\/?p=3350"},"modified":"2018-01-07T23:34:54","modified_gmt":"2018-01-08T01:34:54","slug":"promotora-de-vendas-3","status":"publish","type":"post","link":"https:\/\/www.vagasdecuritiba.com.br\/2024\/promotora-de-vendas-3\/","title":{"rendered":"Promotora de Vendas"},"content":{"rendered":"<p><span style=\"font-size: 1.6rem;\">Promotora de Vendas<\/span><span style=\"font-size: 1.6rem;\">\u00a0<\/span><\/p>\n<p><span style=\"font-size: 1.6rem;\">R$ 1.270,00\u00a0<\/span><span style=\"font-size: 1.6rem;\">\u00a0 \u00a0 \u00a0 \u00a0 \u00a0 \u00a0 \u00a0 \u00a0 \u00a0 \u00a0 \u00a0 \u00a0 \u00a0 \u00a0<\/span><span style=\"font-size: 1.6rem;\">Descri\u00e7\u00e3o das atividades : .\u00a0<\/span><span style=\"font-size: 1.6rem;\">Atuar\u00e1 divulgando os produtos da linha Coca Cola.\u00a0<\/span><\/p>\n<p>Requisitos : .<br \/>\nNecess\u00e1rio CNH (categoria A) e disponibilidade para atuar com moto (empresa);<\/p>\n<p>Possuir experi\u00eancia na fun\u00e7\u00e3o boa comunica\u00e7\u00e3o, agilidade e comprometimento.\u00a0<span style=\"font-size: 1.6rem;\">Hor\u00e1rio de trabalho : .a combinar<\/span><\/p>\n<p>Remunera\u00e7\u00e3o : . Sal\u00e1rio fixo + remunera\u00e7\u00e3o vari\u00e1vel<\/p>\n<p>Benef\u00edcios : .moto (incluindo manuten\u00e7\u00e3o e combust\u00edvel), vale-refei\u00e7\u00e3o e seguro de vida.<\/p>\n<p>Interessados enviar curr\u00edculo para:\u00a0 selecao@distribuidorang.com.br com o t\u00edtulo da vaga no assunto.<\/p>\n<p>&nbsp;<\/p>\n","protected":false},"excerpt":{"rendered":"<p>Promotora de Vendas\u00a0 R$ 1.270,00\u00a0\u00a0 \u00a0 \u00a0 \u00a0 \u00a0 \u00a0 \u00a0 \u00a0 \u00a0 \u00a0 \u00a0 \u00a0 \u00a0 \u00a0Descri\u00e7\u00e3o das atividades : .\u00a0Atuar\u00e1 divulgando os produtos da linha Coca Cola.\u00a0 Requisitos : . Necess\u00e1rio CNH (categoria A) e disponibilidade para atuar com moto (empresa); Possuir experi\u00eancia na fun\u00e7\u00e3o boa comunica\u00e7\u00e3o, agilidade e comprometimento.\u00a0Hor\u00e1rio de trabalho :&#8230;<\/p>\n","protected":false},"author":1,"featured_media":8857,"comment_status":"closed","ping_status":"open","sticky":false,"template":"","format":"standard","meta":{"footnotes":""},"categories":[2],"tags":[15,5,11,4],"yoast_head":"<!-- This site is optimized with the Yoast SEO plugin v23.4 - https:\/\/yoast.com\/wordpress\/plugins\/seo\/ -->\n<title>Promotora de Vendas - Vagas de Curitiba<\/title>\n<meta name=\"robots\" content=\"index, follow, max-snippet:-1, max-image-preview:large, max-video-preview:-1\" \/>\n<link rel=\"canonical\" href=\"https:\/\/www.vagasdecuritiba.com.br\/2024\/promotora-de-vendas-3\/\" \/>\n<meta property=\"og:locale\" content=\"pt_BR\" \/>\n<meta property=\"og:type\" content=\"article\" \/>\n<meta property=\"og:title\" content=\"Promotora de Vendas - Vagas de Curitiba\" \/>\n<meta property=\"og:description\" content=\"Promotora de Vendas\u00a0 R$ 1.270,00\u00a0\u00a0 \u00a0 \u00a0 \u00a0 \u00a0 \u00a0 \u00a0 \u00a0 \u00a0 \u00a0 \u00a0 \u00a0 \u00a0 \u00a0Descri\u00e7\u00e3o das atividades : .\u00a0Atuar\u00e1 divulgando os produtos da linha Coca Cola.\u00a0 Requisitos : . Necess\u00e1rio CNH (categoria A) e disponibilidade para atuar com moto (empresa); Possuir experi\u00eancia na fun\u00e7\u00e3o boa comunica\u00e7\u00e3o, agilidade e comprometimento.\u00a0Hor\u00e1rio de trabalho :...\" \/>\n<meta property=\"og:url\" content=\"https:\/\/www.vagasdecuritiba.com.br\/2024\/promotora-de-vendas-3\/\" \/>\n<meta property=\"og:site_name\" content=\"Vagas de Curitiba\" \/>\n<meta property=\"article:publisher\" content=\"https:\/\/www.facebook.com\/vagacuritiba\/\" \/>\n<meta property=\"article:published_time\" content=\"2018-01-08T01:34:54+00:00\" \/>\n<meta property=\"og:image\" content=\"https:\/\/www.vagasdecuritiba.com.br\/2024\/wp-content\/uploads\/2023\/01\/8.jpg\" \/>\n\t<meta property=\"og:image:width\" content=\"600\" \/>\n\t<meta property=\"og:image:height\" content=\"314\" \/>\n\t<meta property=\"og:image:type\" content=\"image\/jpeg\" \/>\n<meta name=\"author\" content=\"divulgador\" \/>\n<meta name=\"twitter:card\" content=\"summary_large_image\" \/>\n<meta name=\"twitter:label1\" content=\"Escrito por\" \/>\n\t<meta name=\"twitter:data1\" content=\"divulgador\" \/>\n<script type=\"application\/ld+json\" class=\"yoast-schema-graph\">{\"@context\":\"https:\/\/schema.org\",\"@graph\":[{\"@type\":\"Article\",\"@id\":\"https:\/\/www.vagasdecuritiba.com.br\/2024\/promotora-de-vendas-3\/#article\",\"isPartOf\":{\"@id\":\"https:\/\/www.vagasdecuritiba.com.br\/2024\/promotora-de-vendas-3\/\"},\"author\":{\"name\":\"divulgador\",\"@id\":\"https:\/\/www.vagasdecuritiba.com.br\/2024\/#\/schema\/person\/908fd43dc08e4e44b51918240a3124eb\"},\"headline\":\"Promotora de Vendas\",\"datePublished\":\"2018-01-08T01:34:54+00:00\",\"dateModified\":\"2018-01-08T01:34:54+00:00\",\"mainEntityOfPage\":{\"@id\":\"https:\/\/www.vagasdecuritiba.com.br\/2024\/promotora-de-vendas-3\/\"},\"wordCount\":92,\"publisher\":{\"@id\":\"https:\/\/www.vagasdecuritiba.com.br\/2024\/#organization\"},\"image\":{\"@id\":\"https:\/\/www.vagasdecuritiba.com.br\/2024\/promotora-de-vendas-3\/#primaryimage\"},\"thumbnailUrl\":\"https:\/\/www.vagasdecuritiba.com.br\/2024\/wp-content\/uploads\/2023\/01\/8.jpg\",\"keywords\":[\"Auxiliar de produ\u00e7\u00e3o\",\"oportunidades de emprego\",\"secretaria\",\"vagas em Curitiba\"],\"articleSection\":[\"Vagas\"],\"inLanguage\":\"pt-BR\"},{\"@type\":\"WebPage\",\"@id\":\"https:\/\/www.vagasdecuritiba.com.br\/2024\/promotora-de-vendas-3\/\",\"url\":\"https:\/\/www.vagasdecuritiba.com.br\/2024\/promotora-de-vendas-3\/\",\"name\":\"Promotora de Vendas - Vagas de Curitiba\",\"isPartOf\":{\"@id\":\"https:\/\/www.vagasdecuritiba.com.br\/2024\/#website\"},\"primaryImageOfPage\":{\"@id\":\"https:\/\/www.vagasdecuritiba.com.br\/2024\/promotora-de-vendas-3\/#primaryimage\"},\"image\":{\"@id\":\"https:\/\/www.vagasdecuritiba.com.br\/2024\/promotora-de-vendas-3\/#primaryimage\"},\"thumbnailUrl\":\"https:\/\/www.vagasdecuritiba.com.br\/2024\/wp-content\/uploads\/2023\/01\/8.jpg\",\"datePublished\":\"2018-01-08T01:34:54+00:00\",\"dateModified\":\"2018-01-08T01:34:54+00:00\",\"breadcrumb\":{\"@id\":\"https:\/\/www.vagasdecuritiba.com.br\/2024\/promotora-de-vendas-3\/#breadcrumb\"},\"inLanguage\":\"pt-BR\",\"potentialAction\":[{\"@type\":\"ReadAction\",\"target\":[\"https:\/\/www.vagasdecuritiba.com.br\/2024\/promotora-de-vendas-3\/\"]}]},{\"@type\":\"ImageObject\",\"inLanguage\":\"pt-BR\",\"@id\":\"https:\/\/www.vagasdecuritiba.com.br\/2024\/promotora-de-vendas-3\/#primaryimage\",\"url\":\"https:\/\/www.vagasdecuritiba.com.br\/2024\/wp-content\/uploads\/2023\/01\/8.jpg\",\"contentUrl\":\"https:\/\/www.vagasdecuritiba.com.br\/2024\/wp-content\/uploads\/2023\/01\/8.jpg\",\"width\":600,\"height\":314},{\"@type\":\"BreadcrumbList\",\"@id\":\"https:\/\/www.vagasdecuritiba.com.br\/2024\/promotora-de-vendas-3\/#breadcrumb\",\"itemListElement\":[{\"@type\":\"ListItem\",\"position\":1,\"name\":\"In\u00edcio\",\"item\":\"https:\/\/www.vagasdecuritiba.com.br\/2024\/\"},{\"@type\":\"ListItem\",\"position\":2,\"name\":\"Promotora de Vendas\"}]},{\"@type\":\"WebSite\",\"@id\":\"https:\/\/www.vagasdecuritiba.com.br\/2024\/#website\",\"url\":\"https:\/\/www.vagasdecuritiba.com.br\/2024\/\",\"name\":\"Vagas de Curitiba\",\"description\":\"Empregos e est\u00e1gios em Curitiba e Regi\u00e3o Metropolitana\",\"publisher\":{\"@id\":\"https:\/\/www.vagasdecuritiba.com.br\/2024\/#organization\"},\"potentialAction\":[{\"@type\":\"SearchAction\",\"target\":{\"@type\":\"EntryPoint\",\"urlTemplate\":\"https:\/\/www.vagasdecuritiba.com.br\/2024\/?s={search_term_string}\"},\"query-input\":{\"@type\":\"PropertyValueSpecification\",\"valueRequired\":true,\"valueName\":\"search_term_string\"}}],\"inLanguage\":\"pt-BR\"},{\"@type\":\"Organization\",\"@id\":\"https:\/\/www.vagasdecuritiba.com.br\/2024\/#organization\",\"name\":\"Vagas de Curitiba\",\"url\":\"https:\/\/www.vagasdecuritiba.com.br\/2024\/\",\"logo\":{\"@type\":\"ImageObject\",\"inLanguage\":\"pt-BR\",\"@id\":\"https:\/\/www.vagasdecuritiba.com.br\/2024\/#\/schema\/logo\/image\/\",\"url\":\"https:\/\/i0.wp.com\/www.vagasdecuritiba.com.br\/wp-content\/uploads\/2022\/12\/vagas.jpg?fit=397%2C116&ssl=1\",\"contentUrl\":\"https:\/\/i0.wp.com\/www.vagasdecuritiba.com.br\/wp-content\/uploads\/2022\/12\/vagas.jpg?fit=397%2C116&ssl=1\",\"width\":397,\"height\":116,\"caption\":\"Vagas de Curitiba\"},\"image\":{\"@id\":\"https:\/\/www.vagasdecuritiba.com.br\/2024\/#\/schema\/logo\/image\/\"},\"sameAs\":[\"https:\/\/www.facebook.com\/vagacuritiba\/\"]},{\"@type\":\"Person\",\"@id\":\"https:\/\/www.vagasdecuritiba.com.br\/2024\/#\/schema\/person\/908fd43dc08e4e44b51918240a3124eb\",\"name\":\"divulgador\",\"image\":{\"@type\":\"ImageObject\",\"inLanguage\":\"pt-BR\",\"@id\":\"https:\/\/www.vagasdecuritiba.com.br\/2024\/#\/schema\/person\/image\/\",\"url\":\"https:\/\/secure.gravatar.com\/avatar\/aef22e3d07e6b994af40530ed9a297b2?s=96&d=mm&r=g\",\"contentUrl\":\"https:\/\/secure.gravatar.com\/avatar\/aef22e3d07e6b994af40530ed9a297b2?s=96&d=mm&r=g\",\"caption\":\"divulgador\"},\"url\":\"https:\/\/www.vagasdecuritiba.com.br\/2024\/author\/divulgador\/\"}]}<\/script>\n<!-- \/ Yoast SEO plugin. -->","yoast_head_json":{"title":"Promotora de Vendas - Vagas de Curitiba","robots":{"index":"index","follow":"follow","max-snippet":"max-snippet:-1","max-image-preview":"max-image-preview:large","max-video-preview":"max-video-preview:-1"},"canonical":"https:\/\/www.vagasdecuritiba.com.br\/2024\/promotora-de-vendas-3\/","og_locale":"pt_BR","og_type":"article","og_title":"Promotora de Vendas - Vagas de Curitiba","og_description":"Promotora de Vendas\u00a0 R$ 1.270,00\u00a0\u00a0 \u00a0 \u00a0 \u00a0 \u00a0 \u00a0 \u00a0 \u00a0 \u00a0 \u00a0 \u00a0 \u00a0 \u00a0 \u00a0Descri\u00e7\u00e3o das atividades : .\u00a0Atuar\u00e1 divulgando os produtos da linha Coca Cola.\u00a0 Requisitos : . Necess\u00e1rio CNH (categoria A) e disponibilidade para atuar com moto (empresa); Possuir experi\u00eancia na fun\u00e7\u00e3o boa comunica\u00e7\u00e3o, agilidade e comprometimento.\u00a0Hor\u00e1rio de trabalho :...","og_url":"https:\/\/www.vagasdecuritiba.com.br\/2024\/promotora-de-vendas-3\/","og_site_name":"Vagas de Curitiba","article_publisher":"https:\/\/www.facebook.com\/vagacuritiba\/","article_published_time":"2018-01-08T01:34:54+00:00","og_image":[{"width":600,"height":314,"url":"https:\/\/www.vagasdecuritiba.com.br\/2024\/wp-content\/uploads\/2023\/01\/8.jpg","type":"image\/jpeg"}],"author":"divulgador","twitter_card":"summary_large_image","twitter_misc":{"Escrito por":"divulgador"},"schema":{"@context":"https:\/\/schema.org","@graph":[{"@type":"Article","@id":"https:\/\/www.vagasdecuritiba.com.br\/2024\/promotora-de-vendas-3\/#article","isPartOf":{"@id":"https:\/\/www.vagasdecuritiba.com.br\/2024\/promotora-de-vendas-3\/"},"author":{"name":"divulgador","@id":"https:\/\/www.vagasdecuritiba.com.br\/2024\/#\/schema\/person\/908fd43dc08e4e44b51918240a3124eb"},"headline":"Promotora de Vendas","datePublished":"2018-01-08T01:34:54+00:00","dateModified":"2018-01-08T01:34:54+00:00","mainEntityOfPage":{"@id":"https:\/\/www.vagasdecuritiba.com.br\/2024\/promotora-de-vendas-3\/"},"wordCount":92,"publisher":{"@id":"https:\/\/www.vagasdecuritiba.com.br\/2024\/#organization"},"image":{"@id":"https:\/\/www.vagasdecuritiba.com.br\/2024\/promotora-de-vendas-3\/#primaryimage"},"thumbnailUrl":"https:\/\/www.vagasdecuritiba.com.br\/2024\/wp-content\/uploads\/2023\/01\/8.jpg","keywords":["Auxiliar de produ\u00e7\u00e3o","oportunidades de emprego","secretaria","vagas em Curitiba"],"articleSection":["Vagas"],"inLanguage":"pt-BR"},{"@type":"WebPage","@id":"https:\/\/www.vagasdecuritiba.com.br\/2024\/promotora-de-vendas-3\/","url":"https:\/\/www.vagasdecuritiba.com.br\/2024\/promotora-de-vendas-3\/","name":"Promotora de Vendas - Vagas de Curitiba","isPartOf":{"@id":"https:\/\/www.vagasdecuritiba.com.br\/2024\/#website"},"primaryImageOfPage":{"@id":"https:\/\/www.vagasdecuritiba.com.br\/2024\/promotora-de-vendas-3\/#primaryimage"},"image":{"@id":"https:\/\/www.vagasdecuritiba.com.br\/2024\/promotora-de-vendas-3\/#primaryimage"},"thumbnailUrl":"https:\/\/www.vagasdecuritiba.com.br\/2024\/wp-content\/uploads\/2023\/01\/8.jpg","datePublished":"2018-01-08T01:34:54+00:00","dateModified":"2018-01-08T01:34:54+00:00","breadcrumb":{"@id":"https:\/\/www.vagasdecuritiba.com.br\/2024\/promotora-de-vendas-3\/#breadcrumb"},"inLanguage":"pt-BR","potentialAction":[{"@type":"ReadAction","target":["https:\/\/www.vagasdecuritiba.com.br\/2024\/promotora-de-vendas-3\/"]}]},{"@type":"ImageObject","inLanguage":"pt-BR","@id":"https:\/\/www.vagasdecuritiba.com.br\/2024\/promotora-de-vendas-3\/#primaryimage","url":"https:\/\/www.vagasdecuritiba.com.br\/2024\/wp-content\/uploads\/2023\/01\/8.jpg","contentUrl":"https:\/\/www.vagasdecuritiba.com.br\/2024\/wp-content\/uploads\/2023\/01\/8.jpg","width":600,"height":314},{"@type":"BreadcrumbList","@id":"https:\/\/www.vagasdecuritiba.com.br\/2024\/promotora-de-vendas-3\/#breadcrumb","itemListElement":[{"@type":"ListItem","position":1,"name":"In\u00edcio","item":"https:\/\/www.vagasdecuritiba.com.br\/2024\/"},{"@type":"ListItem","position":2,"name":"Promotora de Vendas"}]},{"@type":"WebSite","@id":"https:\/\/www.vagasdecuritiba.com.br\/2024\/#website","url":"https:\/\/www.vagasdecuritiba.com.br\/2024\/","name":"Vagas de Curitiba","description":"Empregos e est\u00e1gios em Curitiba e Regi\u00e3o Metropolitana","publisher":{"@id":"https:\/\/www.vagasdecuritiba.com.br\/2024\/#organization"},"potentialAction":[{"@type":"SearchAction","target":{"@type":"EntryPoint","urlTemplate":"https:\/\/www.vagasdecuritiba.com.br\/2024\/?s={search_term_string}"},"query-input":{"@type":"PropertyValueSpecification","valueRequired":true,"valueName":"search_term_string"}}],"inLanguage":"pt-BR"},{"@type":"Organization","@id":"https:\/\/www.vagasdecuritiba.com.br\/2024\/#organization","name":"Vagas de Curitiba","url":"https:\/\/www.vagasdecuritiba.com.br\/2024\/","logo":{"@type":"ImageObject","inLanguage":"pt-BR","@id":"https:\/\/www.vagasdecuritiba.com.br\/2024\/#\/schema\/logo\/image\/","url":"https:\/\/i0.wp.com\/www.vagasdecuritiba.com.br\/wp-content\/uploads\/2022\/12\/vagas.jpg?fit=397%2C116&ssl=1","contentUrl":"https:\/\/i0.wp.com\/www.vagasdecuritiba.com.br\/wp-content\/uploads\/2022\/12\/vagas.jpg?fit=397%2C116&ssl=1","width":397,"height":116,"caption":"Vagas de Curitiba"},"image":{"@id":"https:\/\/www.vagasdecuritiba.com.br\/2024\/#\/schema\/logo\/image\/"},"sameAs":["https:\/\/www.facebook.com\/vagacuritiba\/"]},{"@type":"Person","@id":"https:\/\/www.vagasdecuritiba.com.br\/2024\/#\/schema\/person\/908fd43dc08e4e44b51918240a3124eb","name":"divulgador","image":{"@type":"ImageObject","inLanguage":"pt-BR","@id":"https:\/\/www.vagasdecuritiba.com.br\/2024\/#\/schema\/person\/image\/","url":"https:\/\/secure.gravatar.com\/avatar\/aef22e3d07e6b994af40530ed9a297b2?s=96&d=mm&r=g","contentUrl":"https:\/\/secure.gravatar.com\/avatar\/aef22e3d07e6b994af40530ed9a297b2?s=96&d=mm&r=g","caption":"divulgador"},"url":"https:\/\/www.vagasdecuritiba.com.br\/2024\/author\/divulgador\/"}]}},"_links":{"self":[{"href":"https:\/\/www.vagasdecuritiba.com.br\/2024\/wp-json\/wp\/v2\/posts\/3350"}],"collection":[{"href":"https:\/\/www.vagasdecuritiba.com.br\/2024\/wp-json\/wp\/v2\/posts"}],"about":[{"href":"https:\/\/www.vagasdecuritiba.com.br\/2024\/wp-json\/wp\/v2\/types\/post"}],"author":[{"embeddable":true,"href":"https:\/\/www.vagasdecuritiba.com.br\/2024\/wp-json\/wp\/v2\/users\/1"}],"replies":[{"embeddable":true,"href":"https:\/\/www.vagasdecuritiba.com.br\/2024\/wp-json\/wp\/v2\/comments?post=3350"}],"version-history":[{"count":1,"href":"https:\/\/www.vagasdecuritiba.com.br\/2024\/wp-json\/wp\/v2\/posts\/3350\/revisions"}],"predecessor-version":[{"id":3351,"href":"https:\/\/www.vagasdecuritiba.com.br\/2024\/wp-json\/wp\/v2\/posts\/3350\/revisions\/3351"}],"wp:featuredmedia":[{"embeddable":true,"href":"https:\/\/www.vagasdecuritiba.com.br\/2024\/wp-json\/wp\/v2\/media\/8857"}],"wp:attachment":[{"href":"https:\/\/www.vagasdecuritiba.com.br\/2024\/wp-json\/wp\/v2\/media?parent=3350"}],"wp:term":[{"taxonomy":"category","embeddable":true,"href":"https:\/\/www.vagasdecuritiba.com.br\/2024\/wp-json\/wp\/v2\/categories?post=3350"},{"taxonomy":"post_tag","embeddable":true,"href":"https:\/\/www.vagasdecuritiba.com.br\/2024\/wp-json\/wp\/v2\/tags?post=3350"}],"curies":[{"name":"wp","href":"https:\/\/api.w.org\/{rel}","templated":true}]}}