{"id":6399,"date":"2018-10-21T19:31:00","date_gmt":"2018-10-21T21:31:00","guid":{"rendered":"http:\/\/www.vagasdecuritiba.com.br\/?p=6399"},"modified":"2018-10-21T19:31:00","modified_gmt":"2018-10-21T21:31:00","slug":"atendentebalconista","status":"publish","type":"post","link":"https:\/\/www.vagasdecuritiba.com.br\/2024\/atendentebalconista\/","title":{"rendered":"Atendente\/Balconista"},"content":{"rendered":"<p>Atuar com atendimento ao cliente, reposi\u00e7\u00e3o de mercadorias, demonstra\u00e7\u00e3o de produtos, efetuar vendas e demais atividades pertinentes da fun\u00e7\u00e3o. Necess\u00e1rio experi\u00eancia na \u00e1rea de atendimento (restaurante, lanchonete, padaria.) comprovada em carteira de trabalho. Necess\u00e1rio ter estabilidades nos locais que trabalhou. Necess\u00e1rio Ensino M\u00e9dio Completo ou Incompleto. Necess\u00e1rio ter disponibilidade para trabalhar finais de semana e feriado. Hor\u00e1rio: 13:20 as 21:50, de segunda \u00e0 segunda, 1 folga na semana e 1 domingo ao m\u00eas. Sal\u00e1rio: R$ 1.469,00, mais vale transporte, cart\u00e3o alimenta\u00e7\u00e3o de R$ 220,00 e alimenta\u00e7\u00e3o no local.<\/p>\n<p>Local de Trabalho: Dom Pedro I, n\u00famero 421, \u00c1gua Verde.<br \/>\n(Refer\u00eancia: atr\u00e1s do Cemit\u00e9rio d\u00e1 \u00c1gua -Verde).<\/p>\n<p>Interessados encaminhar curr\u00edculo para mariana@confeitariajauense.com.br<\/p>\n","protected":false},"excerpt":{"rendered":"<p>Atuar com atendimento ao cliente, reposi\u00e7\u00e3o de mercadorias, demonstra\u00e7\u00e3o de produtos, efetuar vendas e demais atividades pertinentes da fun\u00e7\u00e3o. Necess\u00e1rio experi\u00eancia na \u00e1rea de atendimento (restaurante, lanchonete, padaria.) comprovada em carteira de trabalho. Necess\u00e1rio ter estabilidades nos locais que trabalhou. Necess\u00e1rio Ensino M\u00e9dio Completo ou Incompleto. Necess\u00e1rio ter disponibilidade para trabalhar finais de semana e&#8230;<\/p>\n","protected":false},"author":1,"featured_media":8856,"comment_status":"closed","ping_status":"open","sticky":false,"template":"","format":"standard","meta":{"footnotes":""},"categories":[2],"tags":[16,15],"yoast_head":"<!-- This site is optimized with the Yoast SEO plugin v23.4 - https:\/\/yoast.com\/wordpress\/plugins\/seo\/ -->\n<title>Atendente\/Balconista - Vagas de Curitiba<\/title>\n<meta name=\"robots\" content=\"index, follow, max-snippet:-1, max-image-preview:large, max-video-preview:-1\" \/>\n<link rel=\"canonical\" href=\"https:\/\/www.vagasdecuritiba.com.br\/2024\/atendentebalconista\/\" \/>\n<meta property=\"og:locale\" content=\"pt_BR\" \/>\n<meta property=\"og:type\" content=\"article\" \/>\n<meta property=\"og:title\" content=\"Atendente\/Balconista - Vagas de Curitiba\" \/>\n<meta property=\"og:description\" content=\"Atuar com atendimento ao cliente, reposi\u00e7\u00e3o de mercadorias, demonstra\u00e7\u00e3o de produtos, efetuar vendas e demais atividades pertinentes da fun\u00e7\u00e3o. Necess\u00e1rio experi\u00eancia na \u00e1rea de atendimento (restaurante, lanchonete, padaria.) comprovada em carteira de trabalho. Necess\u00e1rio ter estabilidades nos locais que trabalhou. Necess\u00e1rio Ensino M\u00e9dio Completo ou Incompleto. Necess\u00e1rio ter disponibilidade para trabalhar finais de semana e...\" \/>\n<meta property=\"og:url\" content=\"https:\/\/www.vagasdecuritiba.com.br\/2024\/atendentebalconista\/\" \/>\n<meta property=\"og:site_name\" content=\"Vagas de Curitiba\" \/>\n<meta property=\"article:publisher\" content=\"https:\/\/www.facebook.com\/vagacuritiba\/\" \/>\n<meta property=\"article:published_time\" content=\"2018-10-21T21:31:00+00:00\" \/>\n<meta property=\"og:image\" content=\"https:\/\/www.vagasdecuritiba.com.br\/2024\/wp-content\/uploads\/2023\/01\/7.jpg\" \/>\n\t<meta property=\"og:image:width\" content=\"600\" \/>\n\t<meta property=\"og:image:height\" content=\"314\" \/>\n\t<meta property=\"og:image:type\" content=\"image\/jpeg\" \/>\n<meta name=\"author\" content=\"divulgador\" \/>\n<meta name=\"twitter:card\" content=\"summary_large_image\" \/>\n<meta name=\"twitter:label1\" content=\"Escrito por\" \/>\n\t<meta name=\"twitter:data1\" content=\"divulgador\" \/>\n\t<meta name=\"twitter:label2\" content=\"Est. tempo de leitura\" \/>\n\t<meta name=\"twitter:data2\" content=\"1 minuto\" \/>\n<script type=\"application\/ld+json\" class=\"yoast-schema-graph\">{\"@context\":\"https:\/\/schema.org\",\"@graph\":[{\"@type\":\"Article\",\"@id\":\"https:\/\/www.vagasdecuritiba.com.br\/2024\/atendentebalconista\/#article\",\"isPartOf\":{\"@id\":\"https:\/\/www.vagasdecuritiba.com.br\/2024\/atendentebalconista\/\"},\"author\":{\"name\":\"divulgador\",\"@id\":\"https:\/\/www.vagasdecuritiba.com.br\/2024\/#\/schema\/person\/908fd43dc08e4e44b51918240a3124eb\"},\"headline\":\"Atendente\/Balconista\",\"datePublished\":\"2018-10-21T21:31:00+00:00\",\"dateModified\":\"2018-10-21T21:31:00+00:00\",\"mainEntityOfPage\":{\"@id\":\"https:\/\/www.vagasdecuritiba.com.br\/2024\/atendentebalconista\/\"},\"wordCount\":127,\"publisher\":{\"@id\":\"https:\/\/www.vagasdecuritiba.com.br\/2024\/#organization\"},\"image\":{\"@id\":\"https:\/\/www.vagasdecuritiba.com.br\/2024\/atendentebalconista\/#primaryimage\"},\"thumbnailUrl\":\"https:\/\/www.vagasdecuritiba.com.br\/2024\/wp-content\/uploads\/2023\/01\/7.jpg\",\"keywords\":[\"Assistente administrativo\",\"Auxiliar de produ\u00e7\u00e3o\"],\"articleSection\":[\"Vagas\"],\"inLanguage\":\"pt-BR\"},{\"@type\":\"WebPage\",\"@id\":\"https:\/\/www.vagasdecuritiba.com.br\/2024\/atendentebalconista\/\",\"url\":\"https:\/\/www.vagasdecuritiba.com.br\/2024\/atendentebalconista\/\",\"name\":\"Atendente\/Balconista - Vagas de Curitiba\",\"isPartOf\":{\"@id\":\"https:\/\/www.vagasdecuritiba.com.br\/2024\/#website\"},\"primaryImageOfPage\":{\"@id\":\"https:\/\/www.vagasdecuritiba.com.br\/2024\/atendentebalconista\/#primaryimage\"},\"image\":{\"@id\":\"https:\/\/www.vagasdecuritiba.com.br\/2024\/atendentebalconista\/#primaryimage\"},\"thumbnailUrl\":\"https:\/\/www.vagasdecuritiba.com.br\/2024\/wp-content\/uploads\/2023\/01\/7.jpg\",\"datePublished\":\"2018-10-21T21:31:00+00:00\",\"dateModified\":\"2018-10-21T21:31:00+00:00\",\"breadcrumb\":{\"@id\":\"https:\/\/www.vagasdecuritiba.com.br\/2024\/atendentebalconista\/#breadcrumb\"},\"inLanguage\":\"pt-BR\",\"potentialAction\":[{\"@type\":\"ReadAction\",\"target\":[\"https:\/\/www.vagasdecuritiba.com.br\/2024\/atendentebalconista\/\"]}]},{\"@type\":\"ImageObject\",\"inLanguage\":\"pt-BR\",\"@id\":\"https:\/\/www.vagasdecuritiba.com.br\/2024\/atendentebalconista\/#primaryimage\",\"url\":\"https:\/\/www.vagasdecuritiba.com.br\/2024\/wp-content\/uploads\/2023\/01\/7.jpg\",\"contentUrl\":\"https:\/\/www.vagasdecuritiba.com.br\/2024\/wp-content\/uploads\/2023\/01\/7.jpg\",\"width\":600,\"height\":314},{\"@type\":\"BreadcrumbList\",\"@id\":\"https:\/\/www.vagasdecuritiba.com.br\/2024\/atendentebalconista\/#breadcrumb\",\"itemListElement\":[{\"@type\":\"ListItem\",\"position\":1,\"name\":\"In\u00edcio\",\"item\":\"https:\/\/www.vagasdecuritiba.com.br\/2024\/\"},{\"@type\":\"ListItem\",\"position\":2,\"name\":\"Atendente\/Balconista\"}]},{\"@type\":\"WebSite\",\"@id\":\"https:\/\/www.vagasdecuritiba.com.br\/2024\/#website\",\"url\":\"https:\/\/www.vagasdecuritiba.com.br\/2024\/\",\"name\":\"Vagas de Curitiba\",\"description\":\"Empregos e est\u00e1gios em Curitiba e Regi\u00e3o Metropolitana\",\"publisher\":{\"@id\":\"https:\/\/www.vagasdecuritiba.com.br\/2024\/#organization\"},\"potentialAction\":[{\"@type\":\"SearchAction\",\"target\":{\"@type\":\"EntryPoint\",\"urlTemplate\":\"https:\/\/www.vagasdecuritiba.com.br\/2024\/?s={search_term_string}\"},\"query-input\":{\"@type\":\"PropertyValueSpecification\",\"valueRequired\":true,\"valueName\":\"search_term_string\"}}],\"inLanguage\":\"pt-BR\"},{\"@type\":\"Organization\",\"@id\":\"https:\/\/www.vagasdecuritiba.com.br\/2024\/#organization\",\"name\":\"Vagas de Curitiba\",\"url\":\"https:\/\/www.vagasdecuritiba.com.br\/2024\/\",\"logo\":{\"@type\":\"ImageObject\",\"inLanguage\":\"pt-BR\",\"@id\":\"https:\/\/www.vagasdecuritiba.com.br\/2024\/#\/schema\/logo\/image\/\",\"url\":\"https:\/\/i0.wp.com\/www.vagasdecuritiba.com.br\/wp-content\/uploads\/2022\/12\/vagas.jpg?fit=397%2C116&ssl=1\",\"contentUrl\":\"https:\/\/i0.wp.com\/www.vagasdecuritiba.com.br\/wp-content\/uploads\/2022\/12\/vagas.jpg?fit=397%2C116&ssl=1\",\"width\":397,\"height\":116,\"caption\":\"Vagas de Curitiba\"},\"image\":{\"@id\":\"https:\/\/www.vagasdecuritiba.com.br\/2024\/#\/schema\/logo\/image\/\"},\"sameAs\":[\"https:\/\/www.facebook.com\/vagacuritiba\/\"]},{\"@type\":\"Person\",\"@id\":\"https:\/\/www.vagasdecuritiba.com.br\/2024\/#\/schema\/person\/908fd43dc08e4e44b51918240a3124eb\",\"name\":\"divulgador\",\"image\":{\"@type\":\"ImageObject\",\"inLanguage\":\"pt-BR\",\"@id\":\"https:\/\/www.vagasdecuritiba.com.br\/2024\/#\/schema\/person\/image\/\",\"url\":\"https:\/\/secure.gravatar.com\/avatar\/aef22e3d07e6b994af40530ed9a297b2?s=96&d=mm&r=g\",\"contentUrl\":\"https:\/\/secure.gravatar.com\/avatar\/aef22e3d07e6b994af40530ed9a297b2?s=96&d=mm&r=g\",\"caption\":\"divulgador\"},\"url\":\"https:\/\/www.vagasdecuritiba.com.br\/2024\/author\/divulgador\/\"}]}<\/script>\n<!-- \/ Yoast SEO plugin. -->","yoast_head_json":{"title":"Atendente\/Balconista - Vagas de Curitiba","robots":{"index":"index","follow":"follow","max-snippet":"max-snippet:-1","max-image-preview":"max-image-preview:large","max-video-preview":"max-video-preview:-1"},"canonical":"https:\/\/www.vagasdecuritiba.com.br\/2024\/atendentebalconista\/","og_locale":"pt_BR","og_type":"article","og_title":"Atendente\/Balconista - Vagas de Curitiba","og_description":"Atuar com atendimento ao cliente, reposi\u00e7\u00e3o de mercadorias, demonstra\u00e7\u00e3o de produtos, efetuar vendas e demais atividades pertinentes da fun\u00e7\u00e3o. Necess\u00e1rio experi\u00eancia na \u00e1rea de atendimento (restaurante, lanchonete, padaria.) comprovada em carteira de trabalho. Necess\u00e1rio ter estabilidades nos locais que trabalhou. Necess\u00e1rio Ensino M\u00e9dio Completo ou Incompleto. Necess\u00e1rio ter disponibilidade para trabalhar finais de semana e...","og_url":"https:\/\/www.vagasdecuritiba.com.br\/2024\/atendentebalconista\/","og_site_name":"Vagas de Curitiba","article_publisher":"https:\/\/www.facebook.com\/vagacuritiba\/","article_published_time":"2018-10-21T21:31:00+00:00","og_image":[{"width":600,"height":314,"url":"https:\/\/www.vagasdecuritiba.com.br\/2024\/wp-content\/uploads\/2023\/01\/7.jpg","type":"image\/jpeg"}],"author":"divulgador","twitter_card":"summary_large_image","twitter_misc":{"Escrito por":"divulgador","Est. tempo de leitura":"1 minuto"},"schema":{"@context":"https:\/\/schema.org","@graph":[{"@type":"Article","@id":"https:\/\/www.vagasdecuritiba.com.br\/2024\/atendentebalconista\/#article","isPartOf":{"@id":"https:\/\/www.vagasdecuritiba.com.br\/2024\/atendentebalconista\/"},"author":{"name":"divulgador","@id":"https:\/\/www.vagasdecuritiba.com.br\/2024\/#\/schema\/person\/908fd43dc08e4e44b51918240a3124eb"},"headline":"Atendente\/Balconista","datePublished":"2018-10-21T21:31:00+00:00","dateModified":"2018-10-21T21:31:00+00:00","mainEntityOfPage":{"@id":"https:\/\/www.vagasdecuritiba.com.br\/2024\/atendentebalconista\/"},"wordCount":127,"publisher":{"@id":"https:\/\/www.vagasdecuritiba.com.br\/2024\/#organization"},"image":{"@id":"https:\/\/www.vagasdecuritiba.com.br\/2024\/atendentebalconista\/#primaryimage"},"thumbnailUrl":"https:\/\/www.vagasdecuritiba.com.br\/2024\/wp-content\/uploads\/2023\/01\/7.jpg","keywords":["Assistente administrativo","Auxiliar de produ\u00e7\u00e3o"],"articleSection":["Vagas"],"inLanguage":"pt-BR"},{"@type":"WebPage","@id":"https:\/\/www.vagasdecuritiba.com.br\/2024\/atendentebalconista\/","url":"https:\/\/www.vagasdecuritiba.com.br\/2024\/atendentebalconista\/","name":"Atendente\/Balconista - Vagas de Curitiba","isPartOf":{"@id":"https:\/\/www.vagasdecuritiba.com.br\/2024\/#website"},"primaryImageOfPage":{"@id":"https:\/\/www.vagasdecuritiba.com.br\/2024\/atendentebalconista\/#primaryimage"},"image":{"@id":"https:\/\/www.vagasdecuritiba.com.br\/2024\/atendentebalconista\/#primaryimage"},"thumbnailUrl":"https:\/\/www.vagasdecuritiba.com.br\/2024\/wp-content\/uploads\/2023\/01\/7.jpg","datePublished":"2018-10-21T21:31:00+00:00","dateModified":"2018-10-21T21:31:00+00:00","breadcrumb":{"@id":"https:\/\/www.vagasdecuritiba.com.br\/2024\/atendentebalconista\/#breadcrumb"},"inLanguage":"pt-BR","potentialAction":[{"@type":"ReadAction","target":["https:\/\/www.vagasdecuritiba.com.br\/2024\/atendentebalconista\/"]}]},{"@type":"ImageObject","inLanguage":"pt-BR","@id":"https:\/\/www.vagasdecuritiba.com.br\/2024\/atendentebalconista\/#primaryimage","url":"https:\/\/www.vagasdecuritiba.com.br\/2024\/wp-content\/uploads\/2023\/01\/7.jpg","contentUrl":"https:\/\/www.vagasdecuritiba.com.br\/2024\/wp-content\/uploads\/2023\/01\/7.jpg","width":600,"height":314},{"@type":"BreadcrumbList","@id":"https:\/\/www.vagasdecuritiba.com.br\/2024\/atendentebalconista\/#breadcrumb","itemListElement":[{"@type":"ListItem","position":1,"name":"In\u00edcio","item":"https:\/\/www.vagasdecuritiba.com.br\/2024\/"},{"@type":"ListItem","position":2,"name":"Atendente\/Balconista"}]},{"@type":"WebSite","@id":"https:\/\/www.vagasdecuritiba.com.br\/2024\/#website","url":"https:\/\/www.vagasdecuritiba.com.br\/2024\/","name":"Vagas de Curitiba","description":"Empregos e est\u00e1gios em Curitiba e Regi\u00e3o Metropolitana","publisher":{"@id":"https:\/\/www.vagasdecuritiba.com.br\/2024\/#organization"},"potentialAction":[{"@type":"SearchAction","target":{"@type":"EntryPoint","urlTemplate":"https:\/\/www.vagasdecuritiba.com.br\/2024\/?s={search_term_string}"},"query-input":{"@type":"PropertyValueSpecification","valueRequired":true,"valueName":"search_term_string"}}],"inLanguage":"pt-BR"},{"@type":"Organization","@id":"https:\/\/www.vagasdecuritiba.com.br\/2024\/#organization","name":"Vagas de Curitiba","url":"https:\/\/www.vagasdecuritiba.com.br\/2024\/","logo":{"@type":"ImageObject","inLanguage":"pt-BR","@id":"https:\/\/www.vagasdecuritiba.com.br\/2024\/#\/schema\/logo\/image\/","url":"https:\/\/i0.wp.com\/www.vagasdecuritiba.com.br\/wp-content\/uploads\/2022\/12\/vagas.jpg?fit=397%2C116&ssl=1","contentUrl":"https:\/\/i0.wp.com\/www.vagasdecuritiba.com.br\/wp-content\/uploads\/2022\/12\/vagas.jpg?fit=397%2C116&ssl=1","width":397,"height":116,"caption":"Vagas de Curitiba"},"image":{"@id":"https:\/\/www.vagasdecuritiba.com.br\/2024\/#\/schema\/logo\/image\/"},"sameAs":["https:\/\/www.facebook.com\/vagacuritiba\/"]},{"@type":"Person","@id":"https:\/\/www.vagasdecuritiba.com.br\/2024\/#\/schema\/person\/908fd43dc08e4e44b51918240a3124eb","name":"divulgador","image":{"@type":"ImageObject","inLanguage":"pt-BR","@id":"https:\/\/www.vagasdecuritiba.com.br\/2024\/#\/schema\/person\/image\/","url":"https:\/\/secure.gravatar.com\/avatar\/aef22e3d07e6b994af40530ed9a297b2?s=96&d=mm&r=g","contentUrl":"https:\/\/secure.gravatar.com\/avatar\/aef22e3d07e6b994af40530ed9a297b2?s=96&d=mm&r=g","caption":"divulgador"},"url":"https:\/\/www.vagasdecuritiba.com.br\/2024\/author\/divulgador\/"}]}},"_links":{"self":[{"href":"https:\/\/www.vagasdecuritiba.com.br\/2024\/wp-json\/wp\/v2\/posts\/6399"}],"collection":[{"href":"https:\/\/www.vagasdecuritiba.com.br\/2024\/wp-json\/wp\/v2\/posts"}],"about":[{"href":"https:\/\/www.vagasdecuritiba.com.br\/2024\/wp-json\/wp\/v2\/types\/post"}],"author":[{"embeddable":true,"href":"https:\/\/www.vagasdecuritiba.com.br\/2024\/wp-json\/wp\/v2\/users\/1"}],"replies":[{"embeddable":true,"href":"https:\/\/www.vagasdecuritiba.com.br\/2024\/wp-json\/wp\/v2\/comments?post=6399"}],"version-history":[{"count":1,"href":"https:\/\/www.vagasdecuritiba.com.br\/2024\/wp-json\/wp\/v2\/posts\/6399\/revisions"}],"predecessor-version":[{"id":6400,"href":"https:\/\/www.vagasdecuritiba.com.br\/2024\/wp-json\/wp\/v2\/posts\/6399\/revisions\/6400"}],"wp:featuredmedia":[{"embeddable":true,"href":"https:\/\/www.vagasdecuritiba.com.br\/2024\/wp-json\/wp\/v2\/media\/8856"}],"wp:attachment":[{"href":"https:\/\/www.vagasdecuritiba.com.br\/2024\/wp-json\/wp\/v2\/media?parent=6399"}],"wp:term":[{"taxonomy":"category","embeddable":true,"href":"https:\/\/www.vagasdecuritiba.com.br\/2024\/wp-json\/wp\/v2\/categories?post=6399"},{"taxonomy":"post_tag","embeddable":true,"href":"https:\/\/www.vagasdecuritiba.com.br\/2024\/wp-json\/wp\/v2\/tags?post=6399"}],"curies":[{"name":"wp","href":"https:\/\/api.w.org\/{rel}","templated":true}]}}